{"id":7013,"date":"2022-01-07T10:37:12","date_gmt":"2022-01-07T09:37:12","guid":{"rendered":"https:\/\/www.la-chirurgie-esthetique-maroc.com\/etnia-de-la-nariz-aquilina-masculina-y-femenina\/"},"modified":"2023-02-24T14:31:27","modified_gmt":"2023-02-24T13:31:27","slug":"etnia-de-la-nariz-aquilina-masculina-y-femenina","status":"publish","type":"post","link":"https:\/\/www.la-chirurgie-esthetique-maroc.com\/es\/etnia-de-la-nariz-aquilina-masculina-y-femenina\/","title":{"rendered":"Etnia de la nariz aquilina: masculina y femenina"},"content":{"rendered":"<p>La <strong>forma de la nariz y del<\/strong> puente nasal suele definir la estructura del rostro y es quiz\u00e1 el aspecto m\u00e1s visible de nuestra apariencia facial, por lo que si no estamos contentos con ella, puede hacernos sentir inc\u00f3modos en las interacciones cara a cara con los dem\u00e1s. Tanto si est\u00e1 torcida como si tiene un chich\u00f3n en la nariz original o una abolladura o simplemente es demasiado larga, hay formas de mejorar y remodelar la nariz<\/p>\n<p>Situado en el centro de la cara, el rasgo facial m\u00e1s importante es la nariz, ya que se proyecta hacia fuera para saludar a cualquiera que le mire y es una de las primeras cosas que la gente ve cuando se encuentran cara a cara. Es un aspecto importante del equilibrio general del rostro y una nariz bien formada puede mantener la forma de la cara en proporci\u00f3n, sin distraer la atenci\u00f3n de otros rasgos.<\/p>\n<h3>Presupuesto gratuito<\/h3>\n<p>\u00bfBusca la mejor soluci\u00f3n para su nariz aguile\u00f1a o c\u00f3ncava, griega, \u00e9tnica, de mujer o de hombre? Nuestra cl\u00ednica le ofrece un presupuesto gratuito con toda la informaci\u00f3n sobre el precio, solicite su presupuesto con nuestro <em>formulario Express<\/em> en esta p\u00e1gina.<\/p>\n<div class=\"container pb-5\">\r\n<style>\r\n@import url('https:\/\/fonts.googleapis.com\/css?family=Poppins:400,500,600,700&display=swap');\r\n.title-iframe {\r\n    text-align: center;\r\n    font-size: 31px;\r\n    font-weight: 600;\r\n    font-family: 'Poppins', sans-serif;\r\n    background: -webkit-linear-gradient(right, #3fb55b, #216bad, #3fb55b, #216bad);\r\n    -webkit-background-clip: text;\r\n    -webkit-text-fill-color: transparent;\r\n    padding: 20px 0px;\r\n}\r\n<\/style>\r\n<h2 class=\"title-iframe\">Obtenez votre Devis Gratuit<\/h2>\r\n<iframe src=\"https:\/\/app.metocrm.com\/web-forms\/aac28a96-7198-4851-a5e4-1891cd9d9f37\"  height=\"800px\" width=\"100%\"  frameborder=\"0\" style=\"border-radius: 10px;\"><\/iframe>\r\n<\/div>\n<h2>Hay narices de todas las formas y tama\u00f1os:<\/h2>\n<h3>Nariz celestial<\/h3>\n<p><img fetchpriority=\"high\" decoding=\"async\" class=\"alignright size-medium wp-image-3790\" src=\"https:\/\/www.la-chirurgie-esthetique-maroc.com\/wp-content\/uploads\/2022\/01\/nez-aquilin-femme-300x200.jpg\" alt=\"nariz aguile\u00f1a mujer\" width=\"300\" height=\"200\" srcset=\"https:\/\/www.la-chirurgie-esthetique-maroc.com\/wp-content\/uploads\/2022\/01\/nez-aquilin-femme-300x200.jpg 300w, https:\/\/www.la-chirurgie-esthetique-maroc.com\/wp-content\/uploads\/2022\/01\/nez-aquilin-femme-768x512.jpg 768w, https:\/\/www.la-chirurgie-esthetique-maroc.com\/wp-content\/uploads\/2022\/01\/nez-aquilin-femme.jpg 960w\" sizes=\"(max-width: 300px) 100vw, 300px\" \/>Se cree que la nariz celeste o respingona es una de las formas de nariz m\u00e1s atractivas. Una nariz respingona o c\u00f3ncava apunta hacia arriba en la punta en lugar de hacia abajo. Puede ser una nariz peque\u00f1a o grande, pero la punta de la nariz se levanta, lo que permite ver ligeramente las fosas nasales.<\/p>\n<h3>Etnia de la nariz nubia<\/h3>\n<p>Este tipo de forma de nariz suele ser muy alargada, con un puente m\u00e1s estrecho, orificios nasales anchos y una base muy ancha. Esto es com\u00fan entre algunos grupos \u00e9tnicos.<\/p>\n<h2>Origen \u00e9tnico de la nariz aquilina<\/h2>\n<p>La nariz romana tambi\u00e9n se conoce como nariz de gancho o <strong>nariz aguile\u00f1a de origen \u00e9tnico<\/strong>. El puente prominente apunta hacia abajo en la punta, pero no tanto como la nariz de halc\u00f3n. La palabra aguile\u00f1a procede del lat\u00edn Aquilinus, que significa parecido al \u00e1guila, asemejando la nariz al pico curvado de un \u00e1guila.<\/p>\n<h2>Nariz de halc\u00f3n<\/h2>\n<p>Este tipo de nariz tiene un gancho profundo en la punta, que apunta hacia el labio. La forma de la cresta suele ser curva. Visto de perfil, se parece mucho al pico de un halc\u00f3n, de ah\u00ed su nombre.<\/p>\n<h2>Nariz respingona<\/h2>\n<p>Una nariz respingona es corta, peque\u00f1a y no suele sobresalir mucho en ninguna direcci\u00f3n concreta. Esta nariz es peque\u00f1a, inclinada hacia arriba, de modo que las fosas nasales son visibles. La nariz respingona es peque\u00f1a y en forma de bot\u00f3n con un ligero ensanchamiento que le da un aspecto adorable.<\/p>\n<h2>Nariz griega para mujeres y hombres<\/h2>\n<p>Las narices griegas son perfectamente rectas y suelen tener orificios nasales estrechos. La <strong>nariz griega masculina o femenina<\/strong> encabeza la lista de las variedades de nariz m\u00e1s bellas y las modelos de moda y pasarela suelen tener este poderoso rasgo como complemento del resto de su rostro.<\/p>\n<p>Una <strong>rinoplastia no quir\u00fargica<\/strong> bien realizada con rellenos d\u00e9rmicos puede realzar sutilmente sus rasgos y restaurar la armon\u00eda facial si su nariz est\u00e1 :<\/p>\n<ul>\n<li>Ligeramente torcido.<\/li>\n<li>Colgado y necesita enderezarse.<\/li>\n<li>Necesita un golpe en el puente de la nariz para suavizarse.<\/li>\n<li>Requiere correcci\u00f3n del colapso de la punta nasal.<\/li>\n<\/ul>\n<p>El Relleno D\u00e9rmico es una <a href=\"https:\/\/www.la-chirurgie-esthetique-maroc.com\/rhinoplastie\/\">alternativa real a una rinoplastia quir\u00fargica<\/a>. El objetivo es crear simetr\u00eda en su rostro, y esta operaci\u00f3n de nariz no quir\u00fargica es ideal para pacientes reacios a someterse a la cirug\u00eda tradicional. Se aplica una crema anest\u00e9sica 20 minutos antes de la intervenci\u00f3n y, a continuaci\u00f3n, el relleno d\u00e9rmico se inyecta de forma experta en las zonas seleccionadas de la nariz. Este relleno no migra ni se aglutina en el tejido y cuando se descompone, entre 8 y 10 meses despu\u00e9s, lo hace de forma sim\u00e9trica y uniforme.<\/p>\n<h3>Nariz aguile\u00f1a masculina: rinoplastia no quir\u00fargica<\/h3>\n<p>La reparaci\u00f3n no quir\u00fargica de la nariz es un procedimiento sencillo y r\u00e1pido, que requiere un alto nivel de habilidad por parte del m\u00e9dico est\u00e9tico. Los resultados son instant\u00e1neos y podr\u00e1 volver al trabajo al d\u00eda siguiente con su nueva y mejorada nariz.<\/p>\n<h3>Amplia gama de procedimientos para la nariz aguile\u00f1a de la mujer<\/h3>\n<p>\u00bfNecesita ayuda para elegir un procedimiento est\u00e9tico para su operaci\u00f3n de nariz masculina o femenina? \u00a1Ofrecemos una amplia gama de procedimientos cosm\u00e9ticos para la cara y el cuerpo para ayudarle a crear un aspecto m\u00e1s joven y delgado!<\/p>\n<p>Ofrecemos un servicio a medida con un toque personal y proporcionamos una gran satisfacci\u00f3n a nuestros pacientes. Nos dedicamos a la cirug\u00eda est\u00e9tica desde hace m\u00e1s de 20 a\u00f1os.<\/p>\n","protected":false},"excerpt":{"rendered":"<p>La forma de la nariz y del puente nasal suele definir la estructura del rostro y es quiz\u00e1 el aspecto m\u00e1s visible de nuestra apariencia facial, por lo que si no estamos contentos con ella, puede hacernos sentir inc\u00f3modos en las interacciones cara a cara con los dem\u00e1s. Tanto si est\u00e1 torcida como si tiene [&hellip;]<\/p>\n","protected":false},"author":2,"featured_media":6359,"comment_status":"closed","ping_status":"closed","sticky":false,"template":"","format":"standard","meta":{"footnotes":""},"categories":[111],"tags":[],"class_list":["post-7013","post","type-post","status-publish","format-standard","has-post-thumbnail","hentry","category-sin-categorizar"],"yoast_head":"<!-- This site is optimized with the Yoast SEO plugin v27.5 - https:\/\/yoast.com\/product\/yoast-seo-wordpress\/ -->\n<title>Nariz aquilina origen \u00e9tnico \u27a1\ufe0f Nariz de ganchillo hombre y mujer<\/title>\n<meta name=\"description\" content=\"Nariz aquilina origen \u00e9tnico: \u2705 Corrige la forma de la nariz con una rinoplastia no quir\u00fargica \u2b50 mediante rellenos d\u00e9rmicos.\" \/>\n<meta name=\"robots\" content=\"index, follow, max-snippet:-1, max-image-preview:large, max-video-preview:-1\" \/>\n<link rel=\"canonical\" href=\"https:\/\/www.la-chirurgie-esthetique-maroc.com\/es\/etnia-de-la-nariz-aquilina-masculina-y-femenina\/\" \/>\n<meta property=\"og:locale\" content=\"es_ES\" \/>\n<meta property=\"og:type\" content=\"article\" \/>\n<meta property=\"og:title\" content=\"Nariz aquilina origen \u00e9tnico \u27a1\ufe0f Nariz de ganchillo hombre y mujer\" \/>\n<meta property=\"og:description\" content=\"Nariz aquilina origen \u00e9tnico: \u2705 Corrige la forma de la nariz con una rinoplastia no quir\u00fargica \u2b50 mediante rellenos d\u00e9rmicos.\" \/>\n<meta property=\"og:url\" content=\"https:\/\/www.la-chirurgie-esthetique-maroc.com\/es\/etnia-de-la-nariz-aquilina-masculina-y-femenina\/\" \/>\n<meta property=\"og:site_name\" content=\"Chirurgie esthetique Maroc\" \/>\n<meta property=\"article:published_time\" content=\"2022-01-07T09:37:12+00:00\" \/>\n<meta property=\"article:modified_time\" content=\"2023-02-24T13:31:27+00:00\" \/>\n<meta property=\"og:image\" content=\"https:\/\/www.la-chirurgie-esthetique-maroc.com\/wp-content\/uploads\/2021\/06\/Nez-aquilin-origine-ethnique.jpg\" \/>\n\t<meta property=\"og:image:width\" content=\"640\" \/>\n\t<meta property=\"og:image:height\" content=\"426\" \/>\n\t<meta property=\"og:image:type\" content=\"image\/jpeg\" \/>\n<meta name=\"author\" content=\"chirurgie esthetique\" \/>\n<meta name=\"twitter:card\" content=\"summary_large_image\" \/>\n<meta name=\"twitter:label1\" content=\"Escrito por\" \/>\n\t<meta name=\"twitter:data1\" content=\"chirurgie esthetique\" \/>\n\t<meta name=\"twitter:label2\" content=\"Tiempo de lectura\" \/>\n\t<meta name=\"twitter:data2\" content=\"4 minutos\" \/>\n<!-- \/ Yoast SEO plugin. -->","yoast_head_json":{"title":"Nariz aquilina origen \u00e9tnico \u27a1\ufe0f Nariz de ganchillo hombre y mujer","description":"Nariz aquilina origen \u00e9tnico: \u2705 Corrige la forma de la nariz con una rinoplastia no quir\u00fargica \u2b50 mediante rellenos d\u00e9rmicos.","robots":{"index":"index","follow":"follow","max-snippet":"max-snippet:-1","max-image-preview":"max-image-preview:large","max-video-preview":"max-video-preview:-1"},"canonical":"https:\/\/www.la-chirurgie-esthetique-maroc.com\/es\/etnia-de-la-nariz-aquilina-masculina-y-femenina\/","og_locale":"es_ES","og_type":"article","og_title":"Nariz aquilina origen \u00e9tnico \u27a1\ufe0f Nariz de ganchillo hombre y mujer","og_description":"Nariz aquilina origen \u00e9tnico: \u2705 Corrige la forma de la nariz con una rinoplastia no quir\u00fargica \u2b50 mediante rellenos d\u00e9rmicos.","og_url":"https:\/\/www.la-chirurgie-esthetique-maroc.com\/es\/etnia-de-la-nariz-aquilina-masculina-y-femenina\/","og_site_name":"Chirurgie esthetique Maroc","article_published_time":"2022-01-07T09:37:12+00:00","article_modified_time":"2023-02-24T13:31:27+00:00","og_image":[{"width":640,"height":426,"url":"https:\/\/www.la-chirurgie-esthetique-maroc.com\/wp-content\/uploads\/2021\/06\/Nez-aquilin-origine-ethnique.jpg","type":"image\/jpeg"}],"author":"chirurgie esthetique","twitter_card":"summary_large_image","twitter_misc":{"Escrito por":"chirurgie esthetique","Tiempo de lectura":"4 minutos"},"schema":{"@context":"https:\/\/schema.org","@graph":[{"@type":"Article","@id":"https:\/\/www.la-chirurgie-esthetique-maroc.com\/es\/etnia-de-la-nariz-aquilina-masculina-y-femenina\/#article","isPartOf":{"@id":"https:\/\/www.la-chirurgie-esthetique-maroc.com\/es\/etnia-de-la-nariz-aquilina-masculina-y-femenina\/"},"author":{"name":"chirurgie esthetique","@id":"https:\/\/www.la-chirurgie-esthetique-maroc.com\/es\/#\/schema\/person\/aa61619911bc473dc88ae41c9622c609"},"headline":"Etnia de la nariz aquilina: masculina y femenina","datePublished":"2022-01-07T09:37:12+00:00","dateModified":"2023-02-24T13:31:27+00:00","mainEntityOfPage":{"@id":"https:\/\/www.la-chirurgie-esthetique-maroc.com\/es\/etnia-de-la-nariz-aquilina-masculina-y-femenina\/"},"wordCount":846,"publisher":{"@id":"https:\/\/www.la-chirurgie-esthetique-maroc.com\/es\/#organization"},"image":{"@id":"https:\/\/www.la-chirurgie-esthetique-maroc.com\/es\/etnia-de-la-nariz-aquilina-masculina-y-femenina\/#primaryimage"},"thumbnailUrl":"https:\/\/www.la-chirurgie-esthetique-maroc.com\/wp-content\/uploads\/2021\/06\/Nez-aquilin-origine-ethnique.jpg","articleSection":["Sin categorizar"],"inLanguage":"es"},{"@type":"WebPage","@id":"https:\/\/www.la-chirurgie-esthetique-maroc.com\/es\/etnia-de-la-nariz-aquilina-masculina-y-femenina\/","url":"https:\/\/www.la-chirurgie-esthetique-maroc.com\/es\/etnia-de-la-nariz-aquilina-masculina-y-femenina\/","name":"Nariz aquilina origen \u00e9tnico \u27a1\ufe0f Nariz de ganchillo hombre y mujer","isPartOf":{"@id":"https:\/\/www.la-chirurgie-esthetique-maroc.com\/es\/#website"},"primaryImageOfPage":{"@id":"https:\/\/www.la-chirurgie-esthetique-maroc.com\/es\/etnia-de-la-nariz-aquilina-masculina-y-femenina\/#primaryimage"},"image":{"@id":"https:\/\/www.la-chirurgie-esthetique-maroc.com\/es\/etnia-de-la-nariz-aquilina-masculina-y-femenina\/#primaryimage"},"thumbnailUrl":"https:\/\/www.la-chirurgie-esthetique-maroc.com\/wp-content\/uploads\/2021\/06\/Nez-aquilin-origine-ethnique.jpg","datePublished":"2022-01-07T09:37:12+00:00","dateModified":"2023-02-24T13:31:27+00:00","description":"Nariz aquilina origen \u00e9tnico: \u2705 Corrige la forma de la nariz con una rinoplastia no quir\u00fargica \u2b50 mediante rellenos d\u00e9rmicos.","breadcrumb":{"@id":"https:\/\/www.la-chirurgie-esthetique-maroc.com\/es\/etnia-de-la-nariz-aquilina-masculina-y-femenina\/#breadcrumb"},"inLanguage":"es","potentialAction":[{"@type":"ReadAction","target":["https:\/\/www.la-chirurgie-esthetique-maroc.com\/es\/etnia-de-la-nariz-aquilina-masculina-y-femenina\/"]}]},{"@type":"ImageObject","inLanguage":"es","@id":"https:\/\/www.la-chirurgie-esthetique-maroc.com\/es\/etnia-de-la-nariz-aquilina-masculina-y-femenina\/#primaryimage","url":"https:\/\/www.la-chirurgie-esthetique-maroc.com\/wp-content\/uploads\/2021\/06\/Nez-aquilin-origine-ethnique.jpg","contentUrl":"https:\/\/www.la-chirurgie-esthetique-maroc.com\/wp-content\/uploads\/2021\/06\/Nez-aquilin-origine-ethnique.jpg","width":640,"height":426},{"@type":"BreadcrumbList","@id":"https:\/\/www.la-chirurgie-esthetique-maroc.com\/es\/etnia-de-la-nariz-aquilina-masculina-y-femenina\/#breadcrumb","itemListElement":[{"@type":"ListItem","position":1,"name":"Accueil","item":"https:\/\/www.la-chirurgie-esthetique-maroc.com\/es\/"},{"@type":"ListItem","position":2,"name":"Etnia de la nariz aquilina: masculina y femenina"}]},{"@type":"WebSite","@id":"https:\/\/www.la-chirurgie-esthetique-maroc.com\/es\/#website","url":"https:\/\/www.la-chirurgie-esthetique-maroc.com\/es\/","name":"Chirurgie esthetique Maroc","description":"","publisher":{"@id":"https:\/\/www.la-chirurgie-esthetique-maroc.com\/es\/#organization"},"potentialAction":[{"@type":"SearchAction","target":{"@type":"EntryPoint","urlTemplate":"https:\/\/www.la-chirurgie-esthetique-maroc.com\/es\/?s={search_term_string}"},"query-input":{"@type":"PropertyValueSpecification","valueRequired":true,"valueName":"search_term_string"}}],"inLanguage":"es"},{"@type":"Organization","@id":"https:\/\/www.la-chirurgie-esthetique-maroc.com\/es\/#organization","name":"Chirurgie esthetique Maroc","url":"https:\/\/www.la-chirurgie-esthetique-maroc.com\/es\/","logo":{"@type":"ImageObject","inLanguage":"es","@id":"https:\/\/www.la-chirurgie-esthetique-maroc.com\/es\/#\/schema\/logo\/image\/","url":"https:\/\/www.la-chirurgie-esthetique-maroc.com\/wp-content\/uploads\/2022\/01\/cem3.png","contentUrl":"https:\/\/www.la-chirurgie-esthetique-maroc.com\/wp-content\/uploads\/2022\/01\/cem3.png","width":125,"height":41,"caption":"Chirurgie esthetique Maroc"},"image":{"@id":"https:\/\/www.la-chirurgie-esthetique-maroc.com\/es\/#\/schema\/logo\/image\/"}},{"@type":"Person","@id":"https:\/\/www.la-chirurgie-esthetique-maroc.com\/es\/#\/schema\/person\/aa61619911bc473dc88ae41c9622c609","name":"chirurgie esthetique","image":{"@type":"ImageObject","inLanguage":"es","@id":"https:\/\/secure.gravatar.com\/avatar\/8986af584c22ff2006456ad3912cde964abf894aa0d86ff81b12fa244f73bb57?s=96&d=mm&r=g","url":"https:\/\/secure.gravatar.com\/avatar\/8986af584c22ff2006456ad3912cde964abf894aa0d86ff81b12fa244f73bb57?s=96&d=mm&r=g","contentUrl":"https:\/\/secure.gravatar.com\/avatar\/8986af584c22ff2006456ad3912cde964abf894aa0d86ff81b12fa244f73bb57?s=96&d=mm&r=g","caption":"chirurgie esthetique"},"url":"https:\/\/www.la-chirurgie-esthetique-maroc.com\/es\/author\/chirurgie-esthetique\/"}]}},"_links":{"self":[{"href":"https:\/\/www.la-chirurgie-esthetique-maroc.com\/es\/wp-json\/wp\/v2\/posts\/7013","targetHints":{"allow":["GET"]}}],"collection":[{"href":"https:\/\/www.la-chirurgie-esthetique-maroc.com\/es\/wp-json\/wp\/v2\/posts"}],"about":[{"href":"https:\/\/www.la-chirurgie-esthetique-maroc.com\/es\/wp-json\/wp\/v2\/types\/post"}],"author":[{"embeddable":true,"href":"https:\/\/www.la-chirurgie-esthetique-maroc.com\/es\/wp-json\/wp\/v2\/users\/2"}],"replies":[{"embeddable":true,"href":"https:\/\/www.la-chirurgie-esthetique-maroc.com\/es\/wp-json\/wp\/v2\/comments?post=7013"}],"version-history":[{"count":1,"href":"https:\/\/www.la-chirurgie-esthetique-maroc.com\/es\/wp-json\/wp\/v2\/posts\/7013\/revisions"}],"predecessor-version":[{"id":7014,"href":"https:\/\/www.la-chirurgie-esthetique-maroc.com\/es\/wp-json\/wp\/v2\/posts\/7013\/revisions\/7014"}],"wp:featuredmedia":[{"embeddable":true,"href":"https:\/\/www.la-chirurgie-esthetique-maroc.com\/es\/wp-json\/wp\/v2\/media\/6359"}],"wp:attachment":[{"href":"https:\/\/www.la-chirurgie-esthetique-maroc.com\/es\/wp-json\/wp\/v2\/media?parent=7013"}],"wp:term":[{"taxonomy":"category","embeddable":true,"href":"https:\/\/www.la-chirurgie-esthetique-maroc.com\/es\/wp-json\/wp\/v2\/categories?post=7013"},{"taxonomy":"post_tag","embeddable":true,"href":"https:\/\/www.la-chirurgie-esthetique-maroc.com\/es\/wp-json\/wp\/v2\/tags?post=7013"}],"curies":[{"name":"wp","href":"https:\/\/api.w.org\/{rel}","templated":true}]}}