{"id":7026,"date":"2022-05-10T12:07:41","date_gmt":"2022-05-10T10:07:41","guid":{"rendered":"https:\/\/www.la-chirurgie-esthetique-maroc.com\/como-combatir-el-cuello-de-pavo-causas-tratamientos-para-estas-arrugas-faciales\/"},"modified":"2023-02-24T15:29:27","modified_gmt":"2023-02-24T14:29:27","slug":"como-combatir-el-cuello-de-pavo-causas-tratamientos-para-estas-arrugas-faciales","status":"publish","type":"post","link":"https:\/\/www.la-chirurgie-esthetique-maroc.com\/es\/como-combatir-el-cuello-de-pavo-causas-tratamientos-para-estas-arrugas-faciales\/","title":{"rendered":"C\u00f3mo combatir el cuello de pavo: causas, tratamientos para estas arrugas faciales?"},"content":{"rendered":"<p>El cuello es una de las partes del cuerpo donde m\u00e1s se nota la edad, por eso es importante cuidar la piel del cuello para reducir los antiest\u00e9ticos efectos del envejecimiento (combatir el cuello de pavo).<\/p>\n<p>Por desgracia, muchas personas no prestan atenci\u00f3n a su cuello hasta que es demasiado tarde. Si est\u00e1 leyendo este art\u00edculo, es posible que sufra una forma leve, moderada o grave de cuello de pavo y est\u00e9 intentando deshacerse de \u00e9l.<\/p>\n<p>La buena noticia es que hay una variedad de opciones disponibles (incluyendo no quir\u00fargico), que vamos a discutir en detalle en este art\u00edculo, y tambi\u00e9n vamos a presentar diferentes opciones de tratamiento para los diferentes tipos de cuello de pavo y la flacidez de la piel.<\/p>\n<h2>\u00bfQu\u00e9 es un cuello de pavo?<\/h2>\n<p>El cuello de pavo suele referirse a la flacidez de la piel y la grasa del cuello que se produce cuando el col\u00e1geno y la elastina ya no son tan firmes como antes, y la piel y los m\u00fasculos pierden su capacidad de estirarse y mantenerse tensos. Muy a menudo, se forman l\u00edneas, piel encrespada y pliegues alrededor del cuello.<\/p>\n<p>El col\u00e1geno y la elastina son dos prote\u00ednas que mantienen la piel firme y tensa, incluida la piel del cuello, ayud\u00e1ndola a mantenerse tersa y a recuperarse f\u00e1cilmente cuando se estira. A medida que envejecemos, el col\u00e1geno y la elastina comienzan a descomponerse y la producci\u00f3n de col\u00e1geno y elastina nuevos se ralentiza considerablemente, lo que se traduce en una p\u00e9rdida de firmeza que acaba provocando que la piel se descuelgue y comience a caer. La p\u00e9rdida de estas dos &#8220;prote\u00ednas de juventud&#8221; es tambi\u00e9n la causa de las arrugas en nuestra piel.<\/p>\n<p>Quienes sufren de flacidez en el cuello saben lo molesta que puede resultar esta afecci\u00f3n cut\u00e1nea. Nosotros tambi\u00e9n lo sabemos, por eso estamos al lado de nuestros pacientes para ayudarles a recuperar una piel joven con nuestras t\u00e9cnicas m\u00e9dicas y quir\u00fargicas adecuadas a todas las causas.<\/p>\n<h2>\u00bfQu\u00e9 factores causan el temido cuello de pavo?<\/h2>\n<p>Estas son las 5 causas m\u00e1s comunes de la flacidez de la piel del cuello:<\/p>\n<h3>La piel del cuello es muy fina<\/h3>\n<p>La piel del cuello es uno de los factores m\u00e1s importantes en la aparici\u00f3n del cuello de pavo. Esto se debe a que la piel del cuello tiene una composici\u00f3n celular diferente a la de otras partes del cuerpo.<\/p>\n<p>Como la piel del cuello es m\u00e1s fina, se arruga con m\u00e1s facilidad. Y la piel fina contiene intr\u00ednsecamente menos col\u00e1geno, que es la prote\u00edna que impide que se formen arrugas.<\/p>\n<h3>El envejecimiento provoca una p\u00e9rdida de col\u00e1geno<\/h3>\n<p>Nadie es inmune al envejecimiento ni a la realidad de que, a medida que envejecemos, nuestro organismo produce cada vez menos sustancias que contribuyen a tener una piel m\u00e1s joven (como el col\u00e1geno, la elastina y la grasa natural de la piel).<\/p>\n<p>Tambi\u00e9n hay p\u00e9rdida de grasa y adelgazamiento de la piel (lo que provoca arrugas) y sequedad, que tambi\u00e9n causa arrugas (de ah\u00ed la importancia de las cremas hidratantes).<\/p>\n<p>El col\u00e1geno es lo que mantiene la piel tensa y el\u00e1stica. Sin col\u00e1geno, todos tendr\u00edamos una piel fl\u00e1cida que no podr\u00eda recuperarse.<\/p>\n<p>Por desgracia, producimos menos col\u00e1geno a medida que envejecemos, y la s\u00edntesis de col\u00e1geno disminuye dr\u00e1sticamente al llegar a los 30 a\u00f1os. Peor a\u00fan, despu\u00e9s de los 30 a\u00f1os, empezamos a perder col\u00e1geno a un ritmo del 1-2% cada a\u00f1o. La \u00fanica forma de combatir esta p\u00e9rdida es suplementar el col\u00e1geno para reponerlo en nuestro organismo.<\/p>\n<h3>P\u00e9rdida de elastina<\/h3>\n<p>La elastina es una prote\u00edna que forma el tejido conjuntivo el\u00e1stico del organismo. Esto es lo que mantiene nuestra piel el\u00e1stica y rellena. La elastina es lo que confiere a nuestra piel su capacidad para enderezarse cuando se estira, mientras que el col\u00e1geno s\u00f3lo mantiene nuestra piel tersa y firme.<\/p>\n<p>Sin embargo, al igual que el col\u00e1geno, la elastina se deteriora de forma natural con la edad, pero tambi\u00e9n puede degradarse por la exposici\u00f3n cr\u00f3nica a la radiaci\u00f3n UV.<\/p>\n<h2>\u00bfC\u00f3mo corregir el cuello de pavo y combatirlo?<\/h2>\n<ul>\n<li>Botox: se trata de una inyecci\u00f3n que puede tensar la piel, haciendo que el cuello est\u00e9 m\u00e1s terso y joven. Act\u00faa relajando temporalmente los m\u00fasculos del cuello bajo la piel. El botox no requiere tiempo de recuperaci\u00f3n y puede durar varios meses. Deber\u00e1 mantener un programa regular de inyecciones para mantener la dermis continuamente firme. Las inyecciones regulares tambi\u00e9n pueden ayudar a prevenir la flacidez, las arrugas y el aflojamiento de la piel.<\/li>\n<li>Tratamiento con l\u00e1ser: esta soluci\u00f3n m\u00e9dica tambi\u00e9n puede ayudar a reducir el aspecto de la papada al tensar la dermis. El tratamiento con l\u00e1ser act\u00faa calentando y tensando la dermis, lo que puede tener un efecto ligeramente beneficioso sobre la papada. Un tratamiento con l\u00e1ser, como Morpheus8, utiliza tanto el microneedling como el calor para estimular la s\u00edntesis de col\u00e1geno.<\/li>\n<li>Ultherapy: esta t\u00e9cnica no invasiva ha sido aprobada recientemente por la FDA. Consiste en aplicar energ\u00eda t\u00e9rmica ultras\u00f3nica en el lugar adecuado, lo que a su vez desencadena la creaci\u00f3n de nuevo col\u00e1geno, al tiempo que estimula el col\u00e1geno debilitado de los pacientes. Los resultados suelen durar hasta un a\u00f1o.<\/li>\n<li>Combata el cuello de pavo con cirug\u00eda est\u00e9tica<a href=\"https:\/\/www.la-chirurgie-esthetique-maroc.com\/lifting-visage\/\">(lifting facial o de cuello<\/a>): Si su cuello de pavo est\u00e1 causado tanto por grasa no deseada como por piel fl\u00e1cida, una soluci\u00f3n m\u00e1s intensiva, como la cirug\u00eda, puede ser su mejor opci\u00f3n. Un lifting de cuello puede eliminar grasa y tensar el tejido bajo el ment\u00f3n. Si cree que puede ser un buen candidato para un lifting de cuello, programe una consulta con un cirujano pl\u00e1stico cualificado.<\/li>\n<\/ul>\n","protected":false},"excerpt":{"rendered":"<p>El cuello es una de las partes del cuerpo donde m\u00e1s se nota la edad, por eso es importante cuidar la piel del cuello para reducir los antiest\u00e9ticos efectos del envejecimiento (combatir el cuello de pavo). Por desgracia, muchas personas no prestan atenci\u00f3n a su cuello hasta que es demasiado tarde. Si est\u00e1 leyendo este [&hellip;]<\/p>\n","protected":false},"author":1,"featured_media":6513,"comment_status":"closed","ping_status":"closed","sticky":false,"template":"","format":"standard","meta":{"footnotes":""},"categories":[111],"tags":[],"class_list":["post-7026","post","type-post","status-publish","format-standard","has-post-thumbnail","hentry","category-sin-categorizar"],"yoast_head":"<!-- This site is optimized with the Yoast SEO plugin v27.5 - https:\/\/yoast.com\/product\/yoast-seo-wordpress\/ -->\n<title>C\u00f3mo combatir el cuello de pavo: causas, tratamientos para estas arrugas faciales? - Chirurgie esthetique Maroc<\/title>\n<meta name=\"robots\" content=\"index, follow, max-snippet:-1, max-image-preview:large, max-video-preview:-1\" \/>\n<link rel=\"canonical\" href=\"https:\/\/www.la-chirurgie-esthetique-maroc.com\/es\/como-combatir-el-cuello-de-pavo-causas-tratamientos-para-estas-arrugas-faciales\/\" \/>\n<meta property=\"og:locale\" content=\"es_ES\" \/>\n<meta property=\"og:type\" content=\"article\" \/>\n<meta property=\"og:title\" content=\"C\u00f3mo combatir el cuello de pavo: causas, tratamientos para estas arrugas faciales? - Chirurgie esthetique Maroc\" \/>\n<meta property=\"og:description\" content=\"El cuello es una de las partes del cuerpo donde m\u00e1s se nota la edad, por eso es importante cuidar la piel del cuello para reducir los antiest\u00e9ticos efectos del envejecimiento (combatir el cuello de pavo). Por desgracia, muchas personas no prestan atenci\u00f3n a su cuello hasta que es demasiado tarde. Si est\u00e1 leyendo este [&hellip;]\" \/>\n<meta property=\"og:url\" content=\"https:\/\/www.la-chirurgie-esthetique-maroc.com\/es\/como-combatir-el-cuello-de-pavo-causas-tratamientos-para-estas-arrugas-faciales\/\" \/>\n<meta property=\"og:site_name\" content=\"Chirurgie esthetique Maroc\" \/>\n<meta property=\"article:published_time\" content=\"2022-05-10T10:07:41+00:00\" \/>\n<meta property=\"article:modified_time\" content=\"2023-02-24T14:29:27+00:00\" \/>\n<meta property=\"og:image\" content=\"https:\/\/www.la-chirurgie-esthetique-maroc.com\/wp-content\/uploads\/2022\/08\/comment-lutter-contre-le-cou-de-dindon.jpg\" \/>\n\t<meta property=\"og:image:width\" content=\"640\" \/>\n\t<meta property=\"og:image:height\" content=\"426\" \/>\n\t<meta property=\"og:image:type\" content=\"image\/jpeg\" \/>\n<meta name=\"author\" content=\"chirurgie\" \/>\n<meta name=\"twitter:card\" content=\"summary_large_image\" \/>\n<meta name=\"twitter:label1\" content=\"Escrito por\" \/>\n\t<meta name=\"twitter:data1\" content=\"chirurgie\" \/>\n\t<meta name=\"twitter:label2\" content=\"Tiempo de lectura\" \/>\n\t<meta name=\"twitter:data2\" content=\"5 minutos\" \/>\n<!-- \/ Yoast SEO plugin. -->","yoast_head_json":{"title":"C\u00f3mo combatir el cuello de pavo: causas, tratamientos para estas arrugas faciales? - Chirurgie esthetique Maroc","robots":{"index":"index","follow":"follow","max-snippet":"max-snippet:-1","max-image-preview":"max-image-preview:large","max-video-preview":"max-video-preview:-1"},"canonical":"https:\/\/www.la-chirurgie-esthetique-maroc.com\/es\/como-combatir-el-cuello-de-pavo-causas-tratamientos-para-estas-arrugas-faciales\/","og_locale":"es_ES","og_type":"article","og_title":"C\u00f3mo combatir el cuello de pavo: causas, tratamientos para estas arrugas faciales? - Chirurgie esthetique Maroc","og_description":"El cuello es una de las partes del cuerpo donde m\u00e1s se nota la edad, por eso es importante cuidar la piel del cuello para reducir los antiest\u00e9ticos efectos del envejecimiento (combatir el cuello de pavo). Por desgracia, muchas personas no prestan atenci\u00f3n a su cuello hasta que es demasiado tarde. Si est\u00e1 leyendo este [&hellip;]","og_url":"https:\/\/www.la-chirurgie-esthetique-maroc.com\/es\/como-combatir-el-cuello-de-pavo-causas-tratamientos-para-estas-arrugas-faciales\/","og_site_name":"Chirurgie esthetique Maroc","article_published_time":"2022-05-10T10:07:41+00:00","article_modified_time":"2023-02-24T14:29:27+00:00","og_image":[{"width":640,"height":426,"url":"https:\/\/www.la-chirurgie-esthetique-maroc.com\/wp-content\/uploads\/2022\/08\/comment-lutter-contre-le-cou-de-dindon.jpg","type":"image\/jpeg"}],"author":"chirurgie","twitter_card":"summary_large_image","twitter_misc":{"Escrito por":"chirurgie","Tiempo de lectura":"5 minutos"},"schema":{"@context":"https:\/\/schema.org","@graph":[{"@type":"Article","@id":"https:\/\/www.la-chirurgie-esthetique-maroc.com\/es\/como-combatir-el-cuello-de-pavo-causas-tratamientos-para-estas-arrugas-faciales\/#article","isPartOf":{"@id":"https:\/\/www.la-chirurgie-esthetique-maroc.com\/es\/como-combatir-el-cuello-de-pavo-causas-tratamientos-para-estas-arrugas-faciales\/"},"author":{"name":"chirurgie","@id":"https:\/\/www.la-chirurgie-esthetique-maroc.com\/es\/#\/schema\/person\/b903b71ca284be5f1a9986d35d06daee"},"headline":"C\u00f3mo combatir el cuello de pavo: causas, tratamientos para estas arrugas faciales?","datePublished":"2022-05-10T10:07:41+00:00","dateModified":"2023-02-24T14:29:27+00:00","mainEntityOfPage":{"@id":"https:\/\/www.la-chirurgie-esthetique-maroc.com\/es\/como-combatir-el-cuello-de-pavo-causas-tratamientos-para-estas-arrugas-faciales\/"},"wordCount":1046,"publisher":{"@id":"https:\/\/www.la-chirurgie-esthetique-maroc.com\/es\/#organization"},"image":{"@id":"https:\/\/www.la-chirurgie-esthetique-maroc.com\/es\/como-combatir-el-cuello-de-pavo-causas-tratamientos-para-estas-arrugas-faciales\/#primaryimage"},"thumbnailUrl":"https:\/\/www.la-chirurgie-esthetique-maroc.com\/wp-content\/uploads\/2022\/08\/comment-lutter-contre-le-cou-de-dindon.jpg","articleSection":["Sin categorizar"],"inLanguage":"es"},{"@type":"WebPage","@id":"https:\/\/www.la-chirurgie-esthetique-maroc.com\/es\/como-combatir-el-cuello-de-pavo-causas-tratamientos-para-estas-arrugas-faciales\/","url":"https:\/\/www.la-chirurgie-esthetique-maroc.com\/es\/como-combatir-el-cuello-de-pavo-causas-tratamientos-para-estas-arrugas-faciales\/","name":"C\u00f3mo combatir el cuello de pavo: causas, tratamientos para estas arrugas faciales? - Chirurgie esthetique Maroc","isPartOf":{"@id":"https:\/\/www.la-chirurgie-esthetique-maroc.com\/es\/#website"},"primaryImageOfPage":{"@id":"https:\/\/www.la-chirurgie-esthetique-maroc.com\/es\/como-combatir-el-cuello-de-pavo-causas-tratamientos-para-estas-arrugas-faciales\/#primaryimage"},"image":{"@id":"https:\/\/www.la-chirurgie-esthetique-maroc.com\/es\/como-combatir-el-cuello-de-pavo-causas-tratamientos-para-estas-arrugas-faciales\/#primaryimage"},"thumbnailUrl":"https:\/\/www.la-chirurgie-esthetique-maroc.com\/wp-content\/uploads\/2022\/08\/comment-lutter-contre-le-cou-de-dindon.jpg","datePublished":"2022-05-10T10:07:41+00:00","dateModified":"2023-02-24T14:29:27+00:00","breadcrumb":{"@id":"https:\/\/www.la-chirurgie-esthetique-maroc.com\/es\/como-combatir-el-cuello-de-pavo-causas-tratamientos-para-estas-arrugas-faciales\/#breadcrumb"},"inLanguage":"es","potentialAction":[{"@type":"ReadAction","target":["https:\/\/www.la-chirurgie-esthetique-maroc.com\/es\/como-combatir-el-cuello-de-pavo-causas-tratamientos-para-estas-arrugas-faciales\/"]}]},{"@type":"ImageObject","inLanguage":"es","@id":"https:\/\/www.la-chirurgie-esthetique-maroc.com\/es\/como-combatir-el-cuello-de-pavo-causas-tratamientos-para-estas-arrugas-faciales\/#primaryimage","url":"https:\/\/www.la-chirurgie-esthetique-maroc.com\/wp-content\/uploads\/2022\/08\/comment-lutter-contre-le-cou-de-dindon.jpg","contentUrl":"https:\/\/www.la-chirurgie-esthetique-maroc.com\/wp-content\/uploads\/2022\/08\/comment-lutter-contre-le-cou-de-dindon.jpg","width":640,"height":426},{"@type":"BreadcrumbList","@id":"https:\/\/www.la-chirurgie-esthetique-maroc.com\/es\/como-combatir-el-cuello-de-pavo-causas-tratamientos-para-estas-arrugas-faciales\/#breadcrumb","itemListElement":[{"@type":"ListItem","position":1,"name":"Accueil","item":"https:\/\/www.la-chirurgie-esthetique-maroc.com\/es\/"},{"@type":"ListItem","position":2,"name":"C\u00f3mo combatir el cuello de pavo: causas, tratamientos para estas arrugas faciales?"}]},{"@type":"WebSite","@id":"https:\/\/www.la-chirurgie-esthetique-maroc.com\/es\/#website","url":"https:\/\/www.la-chirurgie-esthetique-maroc.com\/es\/","name":"Chirurgie esthetique Maroc","description":"","publisher":{"@id":"https:\/\/www.la-chirurgie-esthetique-maroc.com\/es\/#organization"},"potentialAction":[{"@type":"SearchAction","target":{"@type":"EntryPoint","urlTemplate":"https:\/\/www.la-chirurgie-esthetique-maroc.com\/es\/?s={search_term_string}"},"query-input":{"@type":"PropertyValueSpecification","valueRequired":true,"valueName":"search_term_string"}}],"inLanguage":"es"},{"@type":"Organization","@id":"https:\/\/www.la-chirurgie-esthetique-maroc.com\/es\/#organization","name":"Chirurgie esthetique Maroc","url":"https:\/\/www.la-chirurgie-esthetique-maroc.com\/es\/","logo":{"@type":"ImageObject","inLanguage":"es","@id":"https:\/\/www.la-chirurgie-esthetique-maroc.com\/es\/#\/schema\/logo\/image\/","url":"https:\/\/www.la-chirurgie-esthetique-maroc.com\/wp-content\/uploads\/2022\/01\/cem3.png","contentUrl":"https:\/\/www.la-chirurgie-esthetique-maroc.com\/wp-content\/uploads\/2022\/01\/cem3.png","width":125,"height":41,"caption":"Chirurgie esthetique Maroc"},"image":{"@id":"https:\/\/www.la-chirurgie-esthetique-maroc.com\/es\/#\/schema\/logo\/image\/"}},{"@type":"Person","@id":"https:\/\/www.la-chirurgie-esthetique-maroc.com\/es\/#\/schema\/person\/b903b71ca284be5f1a9986d35d06daee","name":"chirurgie","image":{"@type":"ImageObject","inLanguage":"es","@id":"https:\/\/secure.gravatar.com\/avatar\/6aa1efa36ada0c5aaec300d9fdb8ef6d3593fd0f3aa2b3cbd5b9d0a37885006f?s=96&d=mm&r=g","url":"https:\/\/secure.gravatar.com\/avatar\/6aa1efa36ada0c5aaec300d9fdb8ef6d3593fd0f3aa2b3cbd5b9d0a37885006f?s=96&d=mm&r=g","contentUrl":"https:\/\/secure.gravatar.com\/avatar\/6aa1efa36ada0c5aaec300d9fdb8ef6d3593fd0f3aa2b3cbd5b9d0a37885006f?s=96&d=mm&r=g","caption":"chirurgie"},"url":"https:\/\/www.la-chirurgie-esthetique-maroc.com\/es\/author\/chirurgie\/"}]}},"_links":{"self":[{"href":"https:\/\/www.la-chirurgie-esthetique-maroc.com\/es\/wp-json\/wp\/v2\/posts\/7026","targetHints":{"allow":["GET"]}}],"collection":[{"href":"https:\/\/www.la-chirurgie-esthetique-maroc.com\/es\/wp-json\/wp\/v2\/posts"}],"about":[{"href":"https:\/\/www.la-chirurgie-esthetique-maroc.com\/es\/wp-json\/wp\/v2\/types\/post"}],"author":[{"embeddable":true,"href":"https:\/\/www.la-chirurgie-esthetique-maroc.com\/es\/wp-json\/wp\/v2\/users\/1"}],"replies":[{"embeddable":true,"href":"https:\/\/www.la-chirurgie-esthetique-maroc.com\/es\/wp-json\/wp\/v2\/comments?post=7026"}],"version-history":[{"count":1,"href":"https:\/\/www.la-chirurgie-esthetique-maroc.com\/es\/wp-json\/wp\/v2\/posts\/7026\/revisions"}],"predecessor-version":[{"id":7027,"href":"https:\/\/www.la-chirurgie-esthetique-maroc.com\/es\/wp-json\/wp\/v2\/posts\/7026\/revisions\/7027"}],"wp:featuredmedia":[{"embeddable":true,"href":"https:\/\/www.la-chirurgie-esthetique-maroc.com\/es\/wp-json\/wp\/v2\/media\/6513"}],"wp:attachment":[{"href":"https:\/\/www.la-chirurgie-esthetique-maroc.com\/es\/wp-json\/wp\/v2\/media?parent=7026"}],"wp:term":[{"taxonomy":"category","embeddable":true,"href":"https:\/\/www.la-chirurgie-esthetique-maroc.com\/es\/wp-json\/wp\/v2\/categories?post=7026"},{"taxonomy":"post_tag","embeddable":true,"href":"https:\/\/www.la-chirurgie-esthetique-maroc.com\/es\/wp-json\/wp\/v2\/tags?post=7026"}],"curies":[{"name":"wp","href":"https:\/\/api.w.org\/{rel}","templated":true}]}}