{"id":7044,"date":"2022-07-11T11:32:48","date_gmt":"2022-07-11T09:32:48","guid":{"rendered":"https:\/\/www.la-chirurgie-esthetique-maroc.com\/como-tratar-la-piel-granulada-del-rostro-de-un-dia-para-otro\/"},"modified":"2023-02-24T15:40:05","modified_gmt":"2023-02-24T14:40:05","slug":"como-tratar-la-piel-granulada-del-rostro-de-un-dia-para-otro","status":"publish","type":"post","link":"https:\/\/www.la-chirurgie-esthetique-maroc.com\/es\/como-tratar-la-piel-granulada-del-rostro-de-un-dia-para-otro\/","title":{"rendered":"\u00bfC\u00f3mo tratar la piel granulada del rostro de un d\u00eda para otro?"},"content":{"rendered":"<p>El rostro es la parte del cuerpo humano m\u00e1s expuesta a m\u00faltiples agresiones externas, como los rayos ultravioleta del sol y las impurezas. En efecto, estas agresiones desarrollan a veces, con el tiempo, afecciones cut\u00e1neas en la cara como la piel granulosa. Esto da a la cara una sensaci\u00f3n poco atractiva y \u00e1spera. Para algunas personas, este problema puede convertirse r\u00e1pidamente en una fuente de malestar psicol\u00f3gico y provocar una sensaci\u00f3n de incomodidad porque ya no se sienten bien consigo mismas. Sin embargo, ante este problema, surge una pregunta: cuando se tiene <strong>la piel granulosa de la noche a la ma\u00f1ana<\/strong>, \u00bfqu\u00e9 se puede hacer?<\/p>\n<h2>Presupuesto gratuito para su piel granulada de la noche a la ma\u00f1ana<br \/>\n<iframe class=\"iframe_contact\" style=\"height: 500px; width: 95%; border: none;\" src=\"https:\/\/forms.zohopublic.com\/highlight\/form\/lachirurgieesthetiquemaroccomEXPRESS\/formperma\/gSeTV6di6KqkIox64BIsyAeaiiIMK0cwfB5WYNWyslA\" frameborder=\"0\"><\/iframe><\/h2>\n<h2>\u00bfQu\u00e9 es la piel granulosa?<\/h2>\n<p>La piel granulosa es la que no tiene un aspecto liso y presenta irregularidades redondeadas en su superficie. Esta piel difiere de la piel normal en su tacto y aspecto, ya que la textura de la piel es irregular y puede afectar a varias partes del cuerpo, como la cara, los muslos,&#8230; Se manifiesta en forma de peque\u00f1os granos antiest\u00e9ticos que parecen proliferar bajo la piel y a veces con presencia de rojeces. Y cuando se manifiesta en la cara, es cuando se denomina piel facial granulosa porque tambi\u00e9n puede afectar a otras partes del cuerpo.<\/p>\n<h2>\u00bfCu\u00e1les son las causas de la piel granulosa?<\/h2>\n<p>Un rostro granuloso puede deberse a varios factores, como la acumulaci\u00f3n de c\u00e9lulas muertas o la sequedad intensa de la piel. La renovaci\u00f3n de la piel se produce de forma natural, pero con la edad, este proceso puede ralentizarse y ciertas patolog\u00edas tambi\u00e9n pueden acelerar la acumulaci\u00f3n de c\u00e9lulas muertas, dando lugar a una piel granulosa. Esta enfermedad afecta tanto a hombres como a mujeres.<\/p>\n<h2>\u00bfA qui\u00e9n puede afectar la piel granulosa de la cara?<\/h2>\n<p>La aparici\u00f3n de piel granulosa puede afectar a cualquier persona dependiendo de varios factores:<\/p>\n<ul>\n<li>Gen\u00e9tica: la gen\u00e9tica determina en gran medida nuestro tipo de piel, por eso algunas personas son m\u00e1s propensas a tener la piel granulosa que otras.<\/li>\n<li>Las enfermedades de la piel (eccema) pueden causar un aspecto granuloso de la piel.<\/li>\n<li>Los factores relacionados con el estilo de vida, como el tabaquismo, el consumo de alcohol, una dieta inadecuada y el estr\u00e9s, pueden provocar la aparici\u00f3n de granos en la piel.<\/li>\n<li>Factores externos como el fr\u00edo o la contaminaci\u00f3n, la luz ultravioleta o el uso de productos inadecuados tambi\u00e9n pueden causar piel granulosa en algunas personas.<\/li>\n<\/ul>\n<h2>\u00bfQu\u00e9 hacer cuando se tiene la piel granulosa durante la noche?<\/h2>\n<p>Para remediar este problema de la piel granulosa, existen varias soluciones como: un tratamiento de rutina y cuidado de la piel, \u00e1cidos para la piel granulosa.<\/p>\n<p>En cuanto a los tratamientos de rutina para el cuidado de la piel, en general, los productos para el cuidado de la piel que hidratan y exfolian suavemente pueden ser una forma eficaz de alisar y suavizar la piel \u00e1spera y llena de bultos asociada a la sequedad.<\/p>\n<p>En t\u00e9rminos de \u00e1cidos, tenemos :<\/p>\n<ul>\n<li>El <a href=\"https:\/\/www.la-chirurgie-esthetique-maroc.com\/acide-hyaluronique\/\">\u00e1cido hialur\u00f3nico<\/a>, que es un ingrediente hidratante beneficioso porque ayuda a absorber la humedad del medio ambiente en la piel. Adem\u00e1s, las lociones y cremas que contienen ceramidas ayudan a restaurar la barrera cut\u00e1nea para retener la humedad.<\/li>\n<li>\u00c1cido salic\u00edlico y \u00e1cido l\u00e1ctico, que ayudan a exfoliar la piel al tiempo que favorecen la eliminaci\u00f3n de las c\u00e9lulas muertas, ayudando a su vez a mejorar la textura de la piel \u00e1spera y con imperfecciones.<\/li>\n<\/ul>\n<p>Por \u00faltimo, los <strong>productos de cuidado de la piel<\/strong> que contienen ingredientes calmantes como la niacinamida tambi\u00e9n pueden ayudar a mantener la piel confortable.<\/p>\n<p>Sin embargo, si observa que ha estado utilizando productos exfoliantes e hidratantes y no se produce ning\u00fan cambio satisfactorio, es importante que consulte a un dermat\u00f3logo o cirujano est\u00e9tico que pueda diagnosticar la causa y recomendarle opciones de tratamiento seguras y eficaces para usted.<\/p>\n","protected":false},"excerpt":{"rendered":"<p>El rostro es la parte del cuerpo humano m\u00e1s expuesta a m\u00faltiples agresiones externas, como los rayos ultravioleta del sol y las impurezas. En efecto, estas agresiones desarrollan a veces, con el tiempo, afecciones cut\u00e1neas en la cara como la piel granulosa. Esto da a la cara una sensaci\u00f3n poco atractiva y \u00e1spera. Para algunas [&hellip;]<\/p>\n","protected":false},"author":1,"featured_media":6517,"comment_status":"closed","ping_status":"closed","sticky":false,"template":"","format":"standard","meta":{"footnotes":""},"categories":[111],"tags":[],"class_list":["post-7044","post","type-post","status-publish","format-standard","has-post-thumbnail","hentry","category-sin-categorizar"],"yoast_head":"<!-- This site is optimized with the Yoast SEO plugin v27.5 - https:\/\/yoast.com\/product\/yoast-seo-wordpress\/ -->\n<title>\u00bfC\u00f3mo tratar la piel granulada del rostro de un d\u00eda para otro? - Chirurgie esthetique Maroc<\/title>\n<meta name=\"robots\" content=\"index, follow, max-snippet:-1, max-image-preview:large, max-video-preview:-1\" \/>\n<link rel=\"canonical\" href=\"https:\/\/www.la-chirurgie-esthetique-maroc.com\/es\/como-tratar-la-piel-granulada-del-rostro-de-un-dia-para-otro\/\" \/>\n<meta property=\"og:locale\" content=\"es_ES\" \/>\n<meta property=\"og:type\" content=\"article\" \/>\n<meta property=\"og:title\" content=\"\u00bfC\u00f3mo tratar la piel granulada del rostro de un d\u00eda para otro? - Chirurgie esthetique Maroc\" \/>\n<meta property=\"og:description\" content=\"El rostro es la parte del cuerpo humano m\u00e1s expuesta a m\u00faltiples agresiones externas, como los rayos ultravioleta del sol y las impurezas. En efecto, estas agresiones desarrollan a veces, con el tiempo, afecciones cut\u00e1neas en la cara como la piel granulosa. Esto da a la cara una sensaci\u00f3n poco atractiva y \u00e1spera. Para algunas [&hellip;]\" \/>\n<meta property=\"og:url\" content=\"https:\/\/www.la-chirurgie-esthetique-maroc.com\/es\/como-tratar-la-piel-granulada-del-rostro-de-un-dia-para-otro\/\" \/>\n<meta property=\"og:site_name\" content=\"Chirurgie esthetique Maroc\" \/>\n<meta property=\"article:published_time\" content=\"2022-07-11T09:32:48+00:00\" \/>\n<meta property=\"article:modified_time\" content=\"2023-02-24T14:40:05+00:00\" \/>\n<meta property=\"og:image\" content=\"https:\/\/www.la-chirurgie-esthetique-maroc.com\/wp-content\/uploads\/2022\/08\/Peau-granuleuse-visage-du-jour-au-lendemain.jpg\" \/>\n\t<meta property=\"og:image:width\" content=\"1280\" \/>\n\t<meta property=\"og:image:height\" content=\"841\" \/>\n\t<meta property=\"og:image:type\" content=\"image\/jpeg\" \/>\n<meta name=\"author\" content=\"chirurgie\" \/>\n<meta name=\"twitter:card\" content=\"summary_large_image\" \/>\n<meta name=\"twitter:label1\" content=\"Escrito por\" \/>\n\t<meta name=\"twitter:data1\" content=\"chirurgie\" \/>\n\t<meta name=\"twitter:label2\" content=\"Tiempo de lectura\" \/>\n\t<meta name=\"twitter:data2\" content=\"3 minutos\" \/>\n<!-- \/ Yoast SEO plugin. -->","yoast_head_json":{"title":"\u00bfC\u00f3mo tratar la piel granulada del rostro de un d\u00eda para otro? - Chirurgie esthetique Maroc","robots":{"index":"index","follow":"follow","max-snippet":"max-snippet:-1","max-image-preview":"max-image-preview:large","max-video-preview":"max-video-preview:-1"},"canonical":"https:\/\/www.la-chirurgie-esthetique-maroc.com\/es\/como-tratar-la-piel-granulada-del-rostro-de-un-dia-para-otro\/","og_locale":"es_ES","og_type":"article","og_title":"\u00bfC\u00f3mo tratar la piel granulada del rostro de un d\u00eda para otro? - Chirurgie esthetique Maroc","og_description":"El rostro es la parte del cuerpo humano m\u00e1s expuesta a m\u00faltiples agresiones externas, como los rayos ultravioleta del sol y las impurezas. En efecto, estas agresiones desarrollan a veces, con el tiempo, afecciones cut\u00e1neas en la cara como la piel granulosa. Esto da a la cara una sensaci\u00f3n poco atractiva y \u00e1spera. Para algunas [&hellip;]","og_url":"https:\/\/www.la-chirurgie-esthetique-maroc.com\/es\/como-tratar-la-piel-granulada-del-rostro-de-un-dia-para-otro\/","og_site_name":"Chirurgie esthetique Maroc","article_published_time":"2022-07-11T09:32:48+00:00","article_modified_time":"2023-02-24T14:40:05+00:00","og_image":[{"width":1280,"height":841,"url":"https:\/\/www.la-chirurgie-esthetique-maroc.com\/wp-content\/uploads\/2022\/08\/Peau-granuleuse-visage-du-jour-au-lendemain.jpg","type":"image\/jpeg"}],"author":"chirurgie","twitter_card":"summary_large_image","twitter_misc":{"Escrito por":"chirurgie","Tiempo de lectura":"3 minutos"},"schema":{"@context":"https:\/\/schema.org","@graph":[{"@type":"Article","@id":"https:\/\/www.la-chirurgie-esthetique-maroc.com\/es\/como-tratar-la-piel-granulada-del-rostro-de-un-dia-para-otro\/#article","isPartOf":{"@id":"https:\/\/www.la-chirurgie-esthetique-maroc.com\/es\/como-tratar-la-piel-granulada-del-rostro-de-un-dia-para-otro\/"},"author":{"name":"chirurgie","@id":"https:\/\/www.la-chirurgie-esthetique-maroc.com\/es\/#\/schema\/person\/b903b71ca284be5f1a9986d35d06daee"},"headline":"\u00bfC\u00f3mo tratar la piel granulada del rostro de un d\u00eda para otro?","datePublished":"2022-07-11T09:32:48+00:00","dateModified":"2023-02-24T14:40:05+00:00","mainEntityOfPage":{"@id":"https:\/\/www.la-chirurgie-esthetique-maroc.com\/es\/como-tratar-la-piel-granulada-del-rostro-de-un-dia-para-otro\/"},"wordCount":698,"publisher":{"@id":"https:\/\/www.la-chirurgie-esthetique-maroc.com\/es\/#organization"},"image":{"@id":"https:\/\/www.la-chirurgie-esthetique-maroc.com\/es\/como-tratar-la-piel-granulada-del-rostro-de-un-dia-para-otro\/#primaryimage"},"thumbnailUrl":"https:\/\/www.la-chirurgie-esthetique-maroc.com\/wp-content\/uploads\/2022\/08\/Peau-granuleuse-visage-du-jour-au-lendemain.jpg","articleSection":["Sin categorizar"],"inLanguage":"es"},{"@type":"WebPage","@id":"https:\/\/www.la-chirurgie-esthetique-maroc.com\/es\/como-tratar-la-piel-granulada-del-rostro-de-un-dia-para-otro\/","url":"https:\/\/www.la-chirurgie-esthetique-maroc.com\/es\/como-tratar-la-piel-granulada-del-rostro-de-un-dia-para-otro\/","name":"\u00bfC\u00f3mo tratar la piel granulada del rostro de un d\u00eda para otro? - Chirurgie esthetique Maroc","isPartOf":{"@id":"https:\/\/www.la-chirurgie-esthetique-maroc.com\/es\/#website"},"primaryImageOfPage":{"@id":"https:\/\/www.la-chirurgie-esthetique-maroc.com\/es\/como-tratar-la-piel-granulada-del-rostro-de-un-dia-para-otro\/#primaryimage"},"image":{"@id":"https:\/\/www.la-chirurgie-esthetique-maroc.com\/es\/como-tratar-la-piel-granulada-del-rostro-de-un-dia-para-otro\/#primaryimage"},"thumbnailUrl":"https:\/\/www.la-chirurgie-esthetique-maroc.com\/wp-content\/uploads\/2022\/08\/Peau-granuleuse-visage-du-jour-au-lendemain.jpg","datePublished":"2022-07-11T09:32:48+00:00","dateModified":"2023-02-24T14:40:05+00:00","breadcrumb":{"@id":"https:\/\/www.la-chirurgie-esthetique-maroc.com\/es\/como-tratar-la-piel-granulada-del-rostro-de-un-dia-para-otro\/#breadcrumb"},"inLanguage":"es","potentialAction":[{"@type":"ReadAction","target":["https:\/\/www.la-chirurgie-esthetique-maroc.com\/es\/como-tratar-la-piel-granulada-del-rostro-de-un-dia-para-otro\/"]}]},{"@type":"ImageObject","inLanguage":"es","@id":"https:\/\/www.la-chirurgie-esthetique-maroc.com\/es\/como-tratar-la-piel-granulada-del-rostro-de-un-dia-para-otro\/#primaryimage","url":"https:\/\/www.la-chirurgie-esthetique-maroc.com\/wp-content\/uploads\/2022\/08\/Peau-granuleuse-visage-du-jour-au-lendemain.jpg","contentUrl":"https:\/\/www.la-chirurgie-esthetique-maroc.com\/wp-content\/uploads\/2022\/08\/Peau-granuleuse-visage-du-jour-au-lendemain.jpg","width":1280,"height":841},{"@type":"BreadcrumbList","@id":"https:\/\/www.la-chirurgie-esthetique-maroc.com\/es\/como-tratar-la-piel-granulada-del-rostro-de-un-dia-para-otro\/#breadcrumb","itemListElement":[{"@type":"ListItem","position":1,"name":"Accueil","item":"https:\/\/www.la-chirurgie-esthetique-maroc.com\/es\/"},{"@type":"ListItem","position":2,"name":"\u00bfC\u00f3mo tratar la piel granulada del rostro de un d\u00eda para otro?"}]},{"@type":"WebSite","@id":"https:\/\/www.la-chirurgie-esthetique-maroc.com\/es\/#website","url":"https:\/\/www.la-chirurgie-esthetique-maroc.com\/es\/","name":"Chirurgie esthetique Maroc","description":"","publisher":{"@id":"https:\/\/www.la-chirurgie-esthetique-maroc.com\/es\/#organization"},"potentialAction":[{"@type":"SearchAction","target":{"@type":"EntryPoint","urlTemplate":"https:\/\/www.la-chirurgie-esthetique-maroc.com\/es\/?s={search_term_string}"},"query-input":{"@type":"PropertyValueSpecification","valueRequired":true,"valueName":"search_term_string"}}],"inLanguage":"es"},{"@type":"Organization","@id":"https:\/\/www.la-chirurgie-esthetique-maroc.com\/es\/#organization","name":"Chirurgie esthetique Maroc","url":"https:\/\/www.la-chirurgie-esthetique-maroc.com\/es\/","logo":{"@type":"ImageObject","inLanguage":"es","@id":"https:\/\/www.la-chirurgie-esthetique-maroc.com\/es\/#\/schema\/logo\/image\/","url":"https:\/\/www.la-chirurgie-esthetique-maroc.com\/wp-content\/uploads\/2022\/01\/cem3.png","contentUrl":"https:\/\/www.la-chirurgie-esthetique-maroc.com\/wp-content\/uploads\/2022\/01\/cem3.png","width":125,"height":41,"caption":"Chirurgie esthetique Maroc"},"image":{"@id":"https:\/\/www.la-chirurgie-esthetique-maroc.com\/es\/#\/schema\/logo\/image\/"}},{"@type":"Person","@id":"https:\/\/www.la-chirurgie-esthetique-maroc.com\/es\/#\/schema\/person\/b903b71ca284be5f1a9986d35d06daee","name":"chirurgie","image":{"@type":"ImageObject","inLanguage":"es","@id":"https:\/\/secure.gravatar.com\/avatar\/6aa1efa36ada0c5aaec300d9fdb8ef6d3593fd0f3aa2b3cbd5b9d0a37885006f?s=96&d=mm&r=g","url":"https:\/\/secure.gravatar.com\/avatar\/6aa1efa36ada0c5aaec300d9fdb8ef6d3593fd0f3aa2b3cbd5b9d0a37885006f?s=96&d=mm&r=g","contentUrl":"https:\/\/secure.gravatar.com\/avatar\/6aa1efa36ada0c5aaec300d9fdb8ef6d3593fd0f3aa2b3cbd5b9d0a37885006f?s=96&d=mm&r=g","caption":"chirurgie"},"url":"https:\/\/www.la-chirurgie-esthetique-maroc.com\/es\/author\/chirurgie\/"}]}},"_links":{"self":[{"href":"https:\/\/www.la-chirurgie-esthetique-maroc.com\/es\/wp-json\/wp\/v2\/posts\/7044","targetHints":{"allow":["GET"]}}],"collection":[{"href":"https:\/\/www.la-chirurgie-esthetique-maroc.com\/es\/wp-json\/wp\/v2\/posts"}],"about":[{"href":"https:\/\/www.la-chirurgie-esthetique-maroc.com\/es\/wp-json\/wp\/v2\/types\/post"}],"author":[{"embeddable":true,"href":"https:\/\/www.la-chirurgie-esthetique-maroc.com\/es\/wp-json\/wp\/v2\/users\/1"}],"replies":[{"embeddable":true,"href":"https:\/\/www.la-chirurgie-esthetique-maroc.com\/es\/wp-json\/wp\/v2\/comments?post=7044"}],"version-history":[{"count":1,"href":"https:\/\/www.la-chirurgie-esthetique-maroc.com\/es\/wp-json\/wp\/v2\/posts\/7044\/revisions"}],"predecessor-version":[{"id":7045,"href":"https:\/\/www.la-chirurgie-esthetique-maroc.com\/es\/wp-json\/wp\/v2\/posts\/7044\/revisions\/7045"}],"wp:featuredmedia":[{"embeddable":true,"href":"https:\/\/www.la-chirurgie-esthetique-maroc.com\/es\/wp-json\/wp\/v2\/media\/6517"}],"wp:attachment":[{"href":"https:\/\/www.la-chirurgie-esthetique-maroc.com\/es\/wp-json\/wp\/v2\/media?parent=7044"}],"wp:term":[{"taxonomy":"category","embeddable":true,"href":"https:\/\/www.la-chirurgie-esthetique-maroc.com\/es\/wp-json\/wp\/v2\/categories?post=7044"},{"taxonomy":"post_tag","embeddable":true,"href":"https:\/\/www.la-chirurgie-esthetique-maroc.com\/es\/wp-json\/wp\/v2\/tags?post=7044"}],"curies":[{"name":"wp","href":"https:\/\/api.w.org\/{rel}","templated":true}]}}