{"id":7811,"date":"2023-02-28T16:14:59","date_gmt":"2023-02-28T15:14:59","guid":{"rendered":"https:\/\/www.la-chirurgie-esthetique-maroc.com\/?p=7811"},"modified":"2023-02-28T16:14:59","modified_gmt":"2023-02-28T15:14:59","slug":"etnia-do-nariz-aquilino-masculino-e-feminino","status":"publish","type":"post","link":"https:\/\/www.la-chirurgie-esthetique-maroc.com\/pt-pt\/etnia-do-nariz-aquilino-masculino-e-feminino\/","title":{"rendered":"Etnia do nariz aquilino: masculino e feminino"},"content":{"rendered":"<p>A forma do nariz e da ponte nasal define frequentemente a estrutura do rosto e \u00e9 talvez o aspecto mais vis\u00edvel da nossa apar\u00eancia facial, por isso, se n\u00e3o estivermos satisfeitos com ela, pode fazer-nos sentir desconfort\u00e1veis nas interac\u00e7\u00f5es cara a cara com os outros. Quer seja torto, tenha um galo no nariz original ou uma mossa ou seja simplesmente demasiado longo, existem formas de melhorar e remodelar o nariz<\/p>\n<p>Sentado no centro do seu rosto, a caracter\u00edstica facial mais importante \u00e9 o nariz, pois projecta-se para fora para saudar qualquer pessoa que olhe para si e \u00e9 uma das primeiras coisas que as pessoas v\u00eaem quando se encontra cara a cara. \u00c9 um aspecto importante do equil\u00edbrio geral do rosto e um nariz bem moldado pode manter a forma do rosto em propor\u00e7\u00e3o, sem se desviar de outras caracter\u00edsticas.<\/p>\n<h3>Cita\u00e7\u00e3o gratuita<\/h3>\n<p>Est\u00e1 \u00e0 procura da melhor solu\u00e7\u00e3o para o seu nariz partido, nariz grego, origem \u00e9tnica aquilina ou um nariz c\u00f4ncavo para mulheres ou homens? A nossa cl\u00ednica oferece-lhe um or\u00e7amento gratuito com toda a informa\u00e7\u00e3o sobre o pre\u00e7o, pe\u00e7a o seu or\u00e7amento com o nosso formul\u00e1rio expresso nesta p\u00e1gina.<\/p>\n<h2>Os narizes v\u00eam em todas as formas e tamanhos:<\/h2>\n<h3>Nariz Celestial<\/h3>\n<p><img loading=\"lazy\" decoding=\"async\" loading=\"lazy\" class=\"alignright size-medium wp-image-3790\" src=\"https:\/\/www.la-chirurgie-esthetique-maroc.com\/wp-content\/uploads\/2022\/01\/nez-aquilin-femme-300x200.jpg\" alt=\"nez aquilin femme\" width=\"300\" height=\"200\" srcset=\"https:\/\/www.la-chirurgie-esthetique-maroc.com\/wp-content\/uploads\/2022\/01\/nez-aquilin-femme-300x200.jpg 300w, https:\/\/www.la-chirurgie-esthetique-maroc.com\/wp-content\/uploads\/2022\/01\/nez-aquilin-femme-768x512.jpg 768w, https:\/\/www.la-chirurgie-esthetique-maroc.com\/wp-content\/uploads\/2022\/01\/nez-aquilin-femme.jpg 960w\" sizes=\"auto, (max-width: 300px) 100vw, 300px\" \/>On pense qu\u2019un nez c\u00e9leste ou retrouss\u00e9 est l\u2019une des formes de nez les plus attrayantes. Un nez renvers\u00e9 ou concave pointe vers le haut \u00e0 la pointe au lieu de vers le bas. Il peut s\u2019agir d\u2019un petit ou d\u2019un grand nez mais dont la pointe remonte, ce qui vous permet de voir l\u00e9g\u00e8rement les narines.<\/p>\n<h3>Origem \u00e9tnica do nariz n\u00fabio<\/h3>\n<p>Este tipo de forma de nariz \u00e9 frequentemente muito comprido com uma ponte mais estreita, narinas largas e uma base muito larga. \u00c9 comum em alguns grupos \u00e9tnicos.<\/p>\n<h3>Etnia do nariz aquilino<\/h3>\n<p>Um nariz romano \u00e9 tamb\u00e9m conhecido como nariz de gancho ou nariz aquilino \u00e9tnico. A ponte proeminente aponta para baixo na ponta, mas n\u00e3o tanto como o nariz de falc\u00e3o. A palavra aquilino vem da palavra latina Aquilinus, que significa \u00e1guia, comparando o nariz ao bico curvo de uma \u00e1guia.<\/p>\n<h3>Nariz de falc\u00e3o<\/h3>\n<p>Este tipo de nariz tem um gancho profundo na ponta, apontando para baixo em direc\u00e7\u00e3o ao l\u00e1bio. A forma da crista \u00e9 frequentemente curvada. Visto de lado, parece-se muito com o bico de um falc\u00e3o, da\u00ed o nome.<\/p>\n<h3>Nariz arrebitado<\/h3>\n<p>Um nariz arrebitado \u00e9 curto, pequeno e geralmente n\u00e3o sobressai muito em nenhuma direc\u00e7\u00e3o em particular. Este nariz \u00e9 pequeno, inclinado para cima, de modo a que as narinas sejam vis\u00edveis. O nariz arrebitado \u00e9 pequeno e em forma de bot\u00e3o, com um ligeiro alargamento que lhe d\u00e1 um aspecto ador\u00e1vel.<\/p>\n<h3>Narizes gregos para mulheres e homens<\/h3>\n<p>Os narizes gregos s\u00e3o perfeitamente rectos e normalmente t\u00eam narinas estreitas. O nariz masculino ou feminino grego encabe\u00e7a a lista das mais belas variedades de narizes e modelos de moda e passarela t\u00eam geralmente esta caracter\u00edstica poderosa para complementar o resto do seu rosto.<\/p>\n<p>Uma rinoplastia n\u00e3o cir\u00fargica bem feita, utilizando preenchimentos cut\u00e2neos, pode subtilmente melhorar as suas caracter\u00edsticas e restaurar a harmonia facial se o seu nariz estiver :<\/p>\n<ul>\n<li>Ligeiramente tortuoso.<\/li>\n<li>Pendurado e precisa de ser endireitado.<\/li>\n<li>Precisa de um galo na ponte do nariz para amolecer.<\/li>\n<li>Requer correc\u00e7\u00e3o da flacidez da ponta nasal.<\/li>\n<\/ul>\n<p>O Dermal Filler \u00e9 uma verdadeira <a href=\"https:\/\/www.la-chirurgie-esthetique-maroc.com\/pt-pt\/rinoplastia\/\">alternativa a uma rinoplastia cir\u00fargica<\/a>. O objectivo \u00e9 criar simetria no seu rosto, e esta pl\u00e1stica n\u00e3o cir\u00fargica do nariz \u00e9 ideal para pacientes que est\u00e3o relutantes em fazer a cirurgia tradicional. Um creme anest\u00e9sico \u00e9 aplicado 20 minutos antes do procedimento, e depois o enchimento d\u00e9rmico \u00e9 habilmente injectado nas \u00e1reas nasais seleccionadas. Este enchimento n\u00e3o migra ou tufo no tecido e quando se decomp\u00f5e, 8-10 meses depois, f\u00e1-lo de forma sim\u00e9trica e uniforme.<\/p>\n<h3>Nariz aquilino masculino: trabalho n\u00e3o cir\u00fargico do nariz<\/h3>\n<p>Uma pl\u00e1stica nasal n\u00e3o cir\u00fargica \u00e9 um procedimento simples e r\u00e1pido, exigindo um elevado n\u00edvel de per\u00edcia por parte do m\u00e9dico cosm\u00e9tico. Os resultados s\u00e3o instant\u00e2neos e pode voltar ao trabalho no dia seguinte com o seu novo e melhorado nariz!<\/p>\n<h3>Vasta gama de procedimentos de nariz aquilino feminino<\/h3>\n<p>Precisa de ajuda na escolha de um procedimento cosm\u00e9tico para o seu nariz feminino ou masculino partido? Oferecemos uma vasta gama de procedimentos cosm\u00e9ticos para o rosto e o corpo para o ajudar a criar uma apar\u00eancia mais jovem e mais esbelta!<\/p>\n<p>Oferecemos um servi\u00e7o por medida com um toque personalizado e proporcionamos uma grande satisfa\u00e7\u00e3o aos nossos pacientes. Estamos envolvidos em cirurgia cosm\u00e9tica h\u00e1 mais de 20 anos.<\/p>\n","protected":false},"excerpt":{"rendered":"<p>A forma do nariz e da ponte nasal define frequentemente a estrutura do rosto e \u00e9 talvez o aspecto mais vis\u00edvel da nossa apar\u00eancia facial, por isso, se n\u00e3o estivermos satisfeitos com ela, pode fazer-nos sentir desconfort\u00e1veis nas interac\u00e7\u00f5es cara a cara com os outros. Quer seja torto, tenha um galo no nariz original ou [&hellip;]<\/p>\n","protected":false},"author":1,"featured_media":7496,"comment_status":"closed","ping_status":"closed","sticky":false,"template":"","format":"standard","meta":{"footnotes":""},"categories":[125],"tags":[],"class_list":["post-7811","post","type-post","status-publish","format-standard","has-post-thumbnail","hentry","category-sem-categoria"],"yoast_head":"<!-- This site is optimized with the Yoast SEO plugin v27.5 - https:\/\/yoast.com\/product\/yoast-seo-wordpress\/ -->\n<title>Etnia do nariz aquilino: masculino e feminino - Chirurgie esthetique Maroc<\/title>\n<meta name=\"robots\" content=\"index, follow, max-snippet:-1, max-image-preview:large, max-video-preview:-1\" \/>\n<link rel=\"canonical\" href=\"https:\/\/www.la-chirurgie-esthetique-maroc.com\/pt-pt\/etnia-do-nariz-aquilino-masculino-e-feminino\/\" \/>\n<meta property=\"og:locale\" content=\"pt_PT\" \/>\n<meta property=\"og:type\" content=\"article\" \/>\n<meta property=\"og:title\" content=\"Etnia do nariz aquilino: masculino e feminino - Chirurgie esthetique Maroc\" \/>\n<meta property=\"og:description\" content=\"A forma do nariz e da ponte nasal define frequentemente a estrutura do rosto e \u00e9 talvez o aspecto mais vis\u00edvel da nossa apar\u00eancia facial, por isso, se n\u00e3o estivermos satisfeitos com ela, pode fazer-nos sentir desconfort\u00e1veis nas interac\u00e7\u00f5es cara a cara com os outros. Quer seja torto, tenha um galo no nariz original ou [&hellip;]\" \/>\n<meta property=\"og:url\" content=\"https:\/\/www.la-chirurgie-esthetique-maroc.com\/pt-pt\/etnia-do-nariz-aquilino-masculino-e-feminino\/\" \/>\n<meta property=\"og:site_name\" content=\"Chirurgie esthetique Maroc\" \/>\n<meta property=\"article:published_time\" content=\"2023-02-28T15:14:59+00:00\" \/>\n<meta property=\"og:image\" content=\"https:\/\/www.la-chirurgie-esthetique-maroc.com\/wp-content\/uploads\/2021\/06\/Nez-aquilin-origine-ethnique.jpg\" \/>\n\t<meta property=\"og:image:width\" content=\"640\" \/>\n\t<meta property=\"og:image:height\" content=\"426\" \/>\n\t<meta property=\"og:image:type\" content=\"image\/jpeg\" \/>\n<meta name=\"author\" content=\"chirurgie\" \/>\n<meta name=\"twitter:card\" content=\"summary_large_image\" \/>\n<meta name=\"twitter:label1\" content=\"Escrito por\" \/>\n\t<meta name=\"twitter:data1\" content=\"chirurgie\" \/>\n<!-- \/ Yoast SEO plugin. -->","yoast_head_json":{"title":"Etnia do nariz aquilino: masculino e feminino - Chirurgie esthetique Maroc","robots":{"index":"index","follow":"follow","max-snippet":"max-snippet:-1","max-image-preview":"max-image-preview:large","max-video-preview":"max-video-preview:-1"},"canonical":"https:\/\/www.la-chirurgie-esthetique-maroc.com\/pt-pt\/etnia-do-nariz-aquilino-masculino-e-feminino\/","og_locale":"pt_PT","og_type":"article","og_title":"Etnia do nariz aquilino: masculino e feminino - Chirurgie esthetique Maroc","og_description":"A forma do nariz e da ponte nasal define frequentemente a estrutura do rosto e \u00e9 talvez o aspecto mais vis\u00edvel da nossa apar\u00eancia facial, por isso, se n\u00e3o estivermos satisfeitos com ela, pode fazer-nos sentir desconfort\u00e1veis nas interac\u00e7\u00f5es cara a cara com os outros. Quer seja torto, tenha um galo no nariz original ou [&hellip;]","og_url":"https:\/\/www.la-chirurgie-esthetique-maroc.com\/pt-pt\/etnia-do-nariz-aquilino-masculino-e-feminino\/","og_site_name":"Chirurgie esthetique Maroc","article_published_time":"2023-02-28T15:14:59+00:00","og_image":[{"width":640,"height":426,"url":"https:\/\/www.la-chirurgie-esthetique-maroc.com\/wp-content\/uploads\/2021\/06\/Nez-aquilin-origine-ethnique.jpg","type":"image\/jpeg"}],"author":"chirurgie","twitter_card":"summary_large_image","twitter_misc":{"Escrito por":"chirurgie"},"schema":{"@context":"https:\/\/schema.org","@graph":[{"@type":"Article","@id":"https:\/\/www.la-chirurgie-esthetique-maroc.com\/pt-pt\/etnia-do-nariz-aquilino-masculino-e-feminino\/#article","isPartOf":{"@id":"https:\/\/www.la-chirurgie-esthetique-maroc.com\/pt-pt\/etnia-do-nariz-aquilino-masculino-e-feminino\/"},"author":{"name":"chirurgie","@id":"https:\/\/www.la-chirurgie-esthetique-maroc.com\/pt-pt\/#\/schema\/person\/b903b71ca284be5f1a9986d35d06daee"},"headline":"Etnia do nariz aquilino: masculino e feminino","datePublished":"2023-02-28T15:14:59+00:00","mainEntityOfPage":{"@id":"https:\/\/www.la-chirurgie-esthetique-maroc.com\/pt-pt\/etnia-do-nariz-aquilino-masculino-e-feminino\/"},"wordCount":815,"publisher":{"@id":"https:\/\/www.la-chirurgie-esthetique-maroc.com\/pt-pt\/#organization"},"image":{"@id":"https:\/\/www.la-chirurgie-esthetique-maroc.com\/pt-pt\/etnia-do-nariz-aquilino-masculino-e-feminino\/#primaryimage"},"thumbnailUrl":"https:\/\/www.la-chirurgie-esthetique-maroc.com\/wp-content\/uploads\/2021\/06\/Nez-aquilin-origine-ethnique.jpg","inLanguage":"pt-PT"},{"@type":"WebPage","@id":"https:\/\/www.la-chirurgie-esthetique-maroc.com\/pt-pt\/etnia-do-nariz-aquilino-masculino-e-feminino\/","url":"https:\/\/www.la-chirurgie-esthetique-maroc.com\/pt-pt\/etnia-do-nariz-aquilino-masculino-e-feminino\/","name":"Etnia do nariz aquilino: masculino e feminino - Chirurgie esthetique Maroc","isPartOf":{"@id":"https:\/\/www.la-chirurgie-esthetique-maroc.com\/pt-pt\/#website"},"primaryImageOfPage":{"@id":"https:\/\/www.la-chirurgie-esthetique-maroc.com\/pt-pt\/etnia-do-nariz-aquilino-masculino-e-feminino\/#primaryimage"},"image":{"@id":"https:\/\/www.la-chirurgie-esthetique-maroc.com\/pt-pt\/etnia-do-nariz-aquilino-masculino-e-feminino\/#primaryimage"},"thumbnailUrl":"https:\/\/www.la-chirurgie-esthetique-maroc.com\/wp-content\/uploads\/2021\/06\/Nez-aquilin-origine-ethnique.jpg","datePublished":"2023-02-28T15:14:59+00:00","breadcrumb":{"@id":"https:\/\/www.la-chirurgie-esthetique-maroc.com\/pt-pt\/etnia-do-nariz-aquilino-masculino-e-feminino\/#breadcrumb"},"inLanguage":"pt-PT","potentialAction":[{"@type":"ReadAction","target":["https:\/\/www.la-chirurgie-esthetique-maroc.com\/pt-pt\/etnia-do-nariz-aquilino-masculino-e-feminino\/"]}]},{"@type":"ImageObject","inLanguage":"pt-PT","@id":"https:\/\/www.la-chirurgie-esthetique-maroc.com\/pt-pt\/etnia-do-nariz-aquilino-masculino-e-feminino\/#primaryimage","url":"https:\/\/www.la-chirurgie-esthetique-maroc.com\/wp-content\/uploads\/2021\/06\/Nez-aquilin-origine-ethnique.jpg","contentUrl":"https:\/\/www.la-chirurgie-esthetique-maroc.com\/wp-content\/uploads\/2021\/06\/Nez-aquilin-origine-ethnique.jpg","width":640,"height":426},{"@type":"BreadcrumbList","@id":"https:\/\/www.la-chirurgie-esthetique-maroc.com\/pt-pt\/etnia-do-nariz-aquilino-masculino-e-feminino\/#breadcrumb","itemListElement":[{"@type":"ListItem","position":1,"name":"Accueil","item":"https:\/\/www.la-chirurgie-esthetique-maroc.com\/pt-pt\/"},{"@type":"ListItem","position":2,"name":"Etnia do nariz aquilino: masculino e feminino"}]},{"@type":"WebSite","@id":"https:\/\/www.la-chirurgie-esthetique-maroc.com\/pt-pt\/#website","url":"https:\/\/www.la-chirurgie-esthetique-maroc.com\/pt-pt\/","name":"Chirurgie esthetique Maroc","description":"","publisher":{"@id":"https:\/\/www.la-chirurgie-esthetique-maroc.com\/pt-pt\/#organization"},"potentialAction":[{"@type":"SearchAction","target":{"@type":"EntryPoint","urlTemplate":"https:\/\/www.la-chirurgie-esthetique-maroc.com\/pt-pt\/?s={search_term_string}"},"query-input":{"@type":"PropertyValueSpecification","valueRequired":true,"valueName":"search_term_string"}}],"inLanguage":"pt-PT"},{"@type":"Organization","@id":"https:\/\/www.la-chirurgie-esthetique-maroc.com\/pt-pt\/#organization","name":"Chirurgie esthetique Maroc","url":"https:\/\/www.la-chirurgie-esthetique-maroc.com\/pt-pt\/","logo":{"@type":"ImageObject","inLanguage":"pt-PT","@id":"https:\/\/www.la-chirurgie-esthetique-maroc.com\/pt-pt\/#\/schema\/logo\/image\/","url":"https:\/\/www.la-chirurgie-esthetique-maroc.com\/wp-content\/uploads\/2022\/01\/cem3.png","contentUrl":"https:\/\/www.la-chirurgie-esthetique-maroc.com\/wp-content\/uploads\/2022\/01\/cem3.png","width":125,"height":41,"caption":"Chirurgie esthetique Maroc"},"image":{"@id":"https:\/\/www.la-chirurgie-esthetique-maroc.com\/pt-pt\/#\/schema\/logo\/image\/"}},{"@type":"Person","@id":"https:\/\/www.la-chirurgie-esthetique-maroc.com\/pt-pt\/#\/schema\/person\/b903b71ca284be5f1a9986d35d06daee","name":"chirurgie","image":{"@type":"ImageObject","inLanguage":"pt-PT","@id":"https:\/\/secure.gravatar.com\/avatar\/6aa1efa36ada0c5aaec300d9fdb8ef6d3593fd0f3aa2b3cbd5b9d0a37885006f?s=96&d=mm&r=g","url":"https:\/\/secure.gravatar.com\/avatar\/6aa1efa36ada0c5aaec300d9fdb8ef6d3593fd0f3aa2b3cbd5b9d0a37885006f?s=96&d=mm&r=g","contentUrl":"https:\/\/secure.gravatar.com\/avatar\/6aa1efa36ada0c5aaec300d9fdb8ef6d3593fd0f3aa2b3cbd5b9d0a37885006f?s=96&d=mm&r=g","caption":"chirurgie"},"url":"https:\/\/www.la-chirurgie-esthetique-maroc.com\/pt-pt\/author\/chirurgie\/"}]}},"_links":{"self":[{"href":"https:\/\/www.la-chirurgie-esthetique-maroc.com\/pt-pt\/wp-json\/wp\/v2\/posts\/7811","targetHints":{"allow":["GET"]}}],"collection":[{"href":"https:\/\/www.la-chirurgie-esthetique-maroc.com\/pt-pt\/wp-json\/wp\/v2\/posts"}],"about":[{"href":"https:\/\/www.la-chirurgie-esthetique-maroc.com\/pt-pt\/wp-json\/wp\/v2\/types\/post"}],"author":[{"embeddable":true,"href":"https:\/\/www.la-chirurgie-esthetique-maroc.com\/pt-pt\/wp-json\/wp\/v2\/users\/1"}],"replies":[{"embeddable":true,"href":"https:\/\/www.la-chirurgie-esthetique-maroc.com\/pt-pt\/wp-json\/wp\/v2\/comments?post=7811"}],"version-history":[{"count":1,"href":"https:\/\/www.la-chirurgie-esthetique-maroc.com\/pt-pt\/wp-json\/wp\/v2\/posts\/7811\/revisions"}],"predecessor-version":[{"id":7812,"href":"https:\/\/www.la-chirurgie-esthetique-maroc.com\/pt-pt\/wp-json\/wp\/v2\/posts\/7811\/revisions\/7812"}],"wp:featuredmedia":[{"embeddable":true,"href":"https:\/\/www.la-chirurgie-esthetique-maroc.com\/pt-pt\/wp-json\/wp\/v2\/media\/7496"}],"wp:attachment":[{"href":"https:\/\/www.la-chirurgie-esthetique-maroc.com\/pt-pt\/wp-json\/wp\/v2\/media?parent=7811"}],"wp:term":[{"taxonomy":"category","embeddable":true,"href":"https:\/\/www.la-chirurgie-esthetique-maroc.com\/pt-pt\/wp-json\/wp\/v2\/categories?post=7811"},{"taxonomy":"post_tag","embeddable":true,"href":"https:\/\/www.la-chirurgie-esthetique-maroc.com\/pt-pt\/wp-json\/wp\/v2\/tags?post=7811"}],"curies":[{"name":"wp","href":"https:\/\/api.w.org\/{rel}","templated":true}]}}