{"id":7885,"date":"2023-03-02T16:34:18","date_gmt":"2023-03-02T15:34:18","guid":{"rendered":"https:\/\/www.la-chirurgie-esthetique-maroc.com\/?p=7885"},"modified":"2023-03-02T16:34:18","modified_gmt":"2023-03-02T15:34:18","slug":"queda-de-cabelo-na-barba-causas-tratamentos-e-recrescimento-do-cabelo","status":"publish","type":"post","link":"https:\/\/www.la-chirurgie-esthetique-maroc.com\/pt-pt\/queda-de-cabelo-na-barba-causas-tratamentos-e-recrescimento-do-cabelo\/","title":{"rendered":"Queda de cabelo na barba: causas, tratamentos e recrescimento do cabelo"},"content":{"rendered":"<p>A alopecia da barba, tamb\u00e9m conhecida como alopecia areata, \u00e9 uma condi\u00e7\u00e3o de pele auto-imune comum, causando a queda de cabelo.<\/p>\n<p>Pessoas de todas as idades, de ambos os sexos e de todos os grupos \u00e9tnicos podem desenvolver a alopecia. Aparece frequentemente pela primeira vez na inf\u00e2ncia e pode ser diferente para todos os que a t\u00eam.<\/p>\n<p>Mas como se sabe se se tem alopecia areata? O que a causa? Quais s\u00e3o os tratamentos poss\u00edveis para se livrar desta queda de cabelo de barba? Neste artigo, respondemos a todas as perguntas que os nossos pacientes nos fazem frequentemente.<\/p>\n<h2>O que causa a queda de cabelo da barba?<\/h2>\n<p>Muitos factores contribuem para o desenvolvimento desta doen\u00e7a complexa. A alopecia areata \u00e9 uma doen\u00e7a auto-imune, o que significa que o seu sistema imunit\u00e1rio confunde as c\u00e9lulas normais do seu corpo com invasores estrangeiros e ataca essas c\u00e9lulas.<\/p>\n<p>Os cientistas n\u00e3o sabem exactamente o que &#8220;desencadeia&#8221; o sistema imunit\u00e1rio a atacar fol\u00edculos capilares saud\u00e1veis quando as pessoas sofrem de alopecia, ou mesmo se estes desencadeadores ocorrem primeiro dentro do corpo (devido a um v\u00edrus ou bact\u00e9ria), fora do corpo (devido a factores ambientais), ou se \u00e9 uma combina\u00e7\u00e3o de ambos.<\/p>\n<p>Muitos peritos concordam, contudo, que a gen\u00e9tica desempenha um papel no desenvolvimento de areata de alopecia.<\/p>\n<h2>Que tipos de sintomas de alopecia areata?<\/h2>\n<p>Todos os tipos de alopecia areata resultam em alguma forma de queda de cabelo. N\u00e3o h\u00e1 forma de prever o padr\u00e3o de queda e recrescimento do cabelo que ir\u00e1 sofrer ou a sua gravidade ou dura\u00e7\u00e3o. \u00c9 importante lembrar que a perda de barba \u00e9 diferente para todos os que sofrem com ela.<\/p>\n<p>No entanto, existem alguns sintomas comuns de alopecia que s\u00e3o bons de conhecer e reconhecer. Contudo, a \u00fanica forma de ter a certeza de que tem alopecia \u00e9 marcar uma consulta e obter um diagn\u00f3stico de um m\u00e9dico.<\/p>\n<p>Os sintomas de alopecia podem incluir<\/p>\n<ul>\n<li>Pequenas manchas redondas (ou ovais) de queda de cabelo no couro cabeludo, \u00e1rea da barba facial ou outras \u00e1reas do corpo com cabelo<\/li>\n<li>Queda e recrescimento do cabelo ao mesmo tempo em diferentes \u00e1reas do corpo<\/li>\n<li>Queda de cabelo que est\u00e1 principalmente de um lado do couro cabeludo, em vez de ambos os lados<\/li>\n<li>Pontos de exclama\u00e7\u00e3o&#8221; p\u00ealos estreitos na base\/lateral do couro cabeludo<\/li>\n<\/ul>\n<h2>Quais s\u00e3o as op\u00e7\u00f5es de tratamento e cuidados das \u00e1reas afectadas?<\/h2>\n<p>Ao contr\u00e1rio de muitas doen\u00e7as de pele, a alopecia n\u00e3o causa erup\u00e7\u00f5es cut\u00e2neas, vermelhid\u00e3o, urtic\u00e1ria ou prurido grave. Mesmo assim, algumas pessoas com alopecia areata consideram \u00fatil proteger a pele exposta (a cabe\u00e7a, orelhas e rosto) dos danos causados pela exposi\u00e7\u00e3o ao sol ou outros elementos duros. Uma barba sem p\u00ealo rouba a um homem a sua masculinidade.<\/p>\n<p>Dependendo do tipo de alopecia areata que voc\u00ea ou o seu filho tem, da sua idade e da extens\u00e3o da queda de cabelo, h\u00e1 uma variedade de op\u00e7\u00f5es de tratamento dispon\u00edveis para enfrentar o ataque imunit\u00e1rio e\/ou estimular o fol\u00edculo capilar, especialmente para aqueles com formas mais suaves da doen\u00e7a (menos de 50% de queda de cabelo).<\/p>\n<p>Para aqueles com mais de 50% de queda de cabelo no couro cabeludo ou noutras partes do corpo, existem medicamentos orais e inject\u00e1veis. Infelizmente, estes medicamentos n\u00e3o s\u00e3o eficazes para todos. \u00c9 por isso que \u00e9 importante falar com o seu m\u00e9dico sobre os riscos e benef\u00edcios da utiliza\u00e7\u00e3o de qualquer medica\u00e7\u00e3o.<\/p>\n<p>E se apesar das solu\u00e7\u00f5es m\u00e9dicas, a queda de cabelo persistir, poder\u00e1 ser capaz de fazer <a href=\"https:\/\/www.la-chirurgie-esthetique-maroc.com\/greffe-cheveux\/\">uma cirurgia cosm\u00e9tica, chamada transplante de barba<\/a>, para tratar eficazmente a queda de cabelo para sempre. Este procedimento cir\u00fargico \u00e9 realizado removendo o cabelo de uma \u00e1rea com crescimento regular e implantando-o na barba desbastada.<\/p>\n","protected":false},"excerpt":{"rendered":"<p>A alopecia da barba, tamb\u00e9m conhecida como alopecia areata, \u00e9 uma condi\u00e7\u00e3o de pele auto-imune comum, causando a queda de cabelo. Pessoas de todas as idades, de ambos os sexos e de todos os grupos \u00e9tnicos podem desenvolver a alopecia. Aparece frequentemente pela primeira vez na inf\u00e2ncia e pode ser diferente para todos os que [&hellip;]<\/p>\n","protected":false},"author":1,"featured_media":7655,"comment_status":"closed","ping_status":"closed","sticky":false,"template":"","format":"standard","meta":{"footnotes":""},"categories":[125],"tags":[],"class_list":["post-7885","post","type-post","status-publish","format-standard","has-post-thumbnail","hentry","category-sem-categoria"],"yoast_head":"<!-- This site is optimized with the Yoast SEO plugin v27.5 - https:\/\/yoast.com\/product\/yoast-seo-wordpress\/ -->\n<title>Queda de cabelo na barba: causas, tratamentos e recrescimento do cabelo - Chirurgie esthetique Maroc<\/title>\n<meta name=\"robots\" content=\"index, follow, max-snippet:-1, max-image-preview:large, max-video-preview:-1\" \/>\n<link rel=\"canonical\" href=\"https:\/\/www.la-chirurgie-esthetique-maroc.com\/pt-pt\/queda-de-cabelo-na-barba-causas-tratamentos-e-recrescimento-do-cabelo\/\" \/>\n<meta property=\"og:locale\" content=\"pt_PT\" \/>\n<meta property=\"og:type\" content=\"article\" \/>\n<meta property=\"og:title\" content=\"Queda de cabelo na barba: causas, tratamentos e recrescimento do cabelo - Chirurgie esthetique Maroc\" \/>\n<meta property=\"og:description\" content=\"A alopecia da barba, tamb\u00e9m conhecida como alopecia areata, \u00e9 uma condi\u00e7\u00e3o de pele auto-imune comum, causando a queda de cabelo. Pessoas de todas as idades, de ambos os sexos e de todos os grupos \u00e9tnicos podem desenvolver a alopecia. Aparece frequentemente pela primeira vez na inf\u00e2ncia e pode ser diferente para todos os que [&hellip;]\" \/>\n<meta property=\"og:url\" content=\"https:\/\/www.la-chirurgie-esthetique-maroc.com\/pt-pt\/queda-de-cabelo-na-barba-causas-tratamentos-e-recrescimento-do-cabelo\/\" \/>\n<meta property=\"og:site_name\" content=\"Chirurgie esthetique Maroc\" \/>\n<meta property=\"article:published_time\" content=\"2023-03-02T15:34:18+00:00\" \/>\n<meta property=\"og:image\" content=\"https:\/\/www.la-chirurgie-esthetique-maroc.com\/wp-content\/uploads\/2022\/08\/Pelade-de-la-barbe.jpg\" \/>\n\t<meta property=\"og:image:width\" content=\"640\" \/>\n\t<meta property=\"og:image:height\" content=\"426\" \/>\n\t<meta property=\"og:image:type\" content=\"image\/jpeg\" \/>\n<meta name=\"author\" content=\"chirurgie\" \/>\n<meta name=\"twitter:card\" content=\"summary_large_image\" \/>\n<meta name=\"twitter:label1\" content=\"Escrito por\" \/>\n\t<meta name=\"twitter:data1\" content=\"chirurgie\" \/>\n<!-- \/ Yoast SEO plugin. -->","yoast_head_json":{"title":"Queda de cabelo na barba: causas, tratamentos e recrescimento do cabelo - Chirurgie esthetique Maroc","robots":{"index":"index","follow":"follow","max-snippet":"max-snippet:-1","max-image-preview":"max-image-preview:large","max-video-preview":"max-video-preview:-1"},"canonical":"https:\/\/www.la-chirurgie-esthetique-maroc.com\/pt-pt\/queda-de-cabelo-na-barba-causas-tratamentos-e-recrescimento-do-cabelo\/","og_locale":"pt_PT","og_type":"article","og_title":"Queda de cabelo na barba: causas, tratamentos e recrescimento do cabelo - Chirurgie esthetique Maroc","og_description":"A alopecia da barba, tamb\u00e9m conhecida como alopecia areata, \u00e9 uma condi\u00e7\u00e3o de pele auto-imune comum, causando a queda de cabelo. Pessoas de todas as idades, de ambos os sexos e de todos os grupos \u00e9tnicos podem desenvolver a alopecia. Aparece frequentemente pela primeira vez na inf\u00e2ncia e pode ser diferente para todos os que [&hellip;]","og_url":"https:\/\/www.la-chirurgie-esthetique-maroc.com\/pt-pt\/queda-de-cabelo-na-barba-causas-tratamentos-e-recrescimento-do-cabelo\/","og_site_name":"Chirurgie esthetique Maroc","article_published_time":"2023-03-02T15:34:18+00:00","og_image":[{"width":640,"height":426,"url":"https:\/\/www.la-chirurgie-esthetique-maroc.com\/wp-content\/uploads\/2022\/08\/Pelade-de-la-barbe.jpg","type":"image\/jpeg"}],"author":"chirurgie","twitter_card":"summary_large_image","twitter_misc":{"Escrito por":"chirurgie"},"schema":{"@context":"https:\/\/schema.org","@graph":[{"@type":"Article","@id":"https:\/\/www.la-chirurgie-esthetique-maroc.com\/pt-pt\/queda-de-cabelo-na-barba-causas-tratamentos-e-recrescimento-do-cabelo\/#article","isPartOf":{"@id":"https:\/\/www.la-chirurgie-esthetique-maroc.com\/pt-pt\/queda-de-cabelo-na-barba-causas-tratamentos-e-recrescimento-do-cabelo\/"},"author":{"name":"chirurgie","@id":"https:\/\/www.la-chirurgie-esthetique-maroc.com\/pt-pt\/#\/schema\/person\/b903b71ca284be5f1a9986d35d06daee"},"headline":"Queda de cabelo na barba: causas, tratamentos e recrescimento do cabelo","datePublished":"2023-03-02T15:34:18+00:00","mainEntityOfPage":{"@id":"https:\/\/www.la-chirurgie-esthetique-maroc.com\/pt-pt\/queda-de-cabelo-na-barba-causas-tratamentos-e-recrescimento-do-cabelo\/"},"wordCount":668,"publisher":{"@id":"https:\/\/www.la-chirurgie-esthetique-maroc.com\/pt-pt\/#organization"},"image":{"@id":"https:\/\/www.la-chirurgie-esthetique-maroc.com\/pt-pt\/queda-de-cabelo-na-barba-causas-tratamentos-e-recrescimento-do-cabelo\/#primaryimage"},"thumbnailUrl":"https:\/\/www.la-chirurgie-esthetique-maroc.com\/wp-content\/uploads\/2022\/08\/Pelade-de-la-barbe.jpg","inLanguage":"pt-PT"},{"@type":"WebPage","@id":"https:\/\/www.la-chirurgie-esthetique-maroc.com\/pt-pt\/queda-de-cabelo-na-barba-causas-tratamentos-e-recrescimento-do-cabelo\/","url":"https:\/\/www.la-chirurgie-esthetique-maroc.com\/pt-pt\/queda-de-cabelo-na-barba-causas-tratamentos-e-recrescimento-do-cabelo\/","name":"Queda de cabelo na barba: causas, tratamentos e recrescimento do cabelo - Chirurgie esthetique Maroc","isPartOf":{"@id":"https:\/\/www.la-chirurgie-esthetique-maroc.com\/pt-pt\/#website"},"primaryImageOfPage":{"@id":"https:\/\/www.la-chirurgie-esthetique-maroc.com\/pt-pt\/queda-de-cabelo-na-barba-causas-tratamentos-e-recrescimento-do-cabelo\/#primaryimage"},"image":{"@id":"https:\/\/www.la-chirurgie-esthetique-maroc.com\/pt-pt\/queda-de-cabelo-na-barba-causas-tratamentos-e-recrescimento-do-cabelo\/#primaryimage"},"thumbnailUrl":"https:\/\/www.la-chirurgie-esthetique-maroc.com\/wp-content\/uploads\/2022\/08\/Pelade-de-la-barbe.jpg","datePublished":"2023-03-02T15:34:18+00:00","breadcrumb":{"@id":"https:\/\/www.la-chirurgie-esthetique-maroc.com\/pt-pt\/queda-de-cabelo-na-barba-causas-tratamentos-e-recrescimento-do-cabelo\/#breadcrumb"},"inLanguage":"pt-PT","potentialAction":[{"@type":"ReadAction","target":["https:\/\/www.la-chirurgie-esthetique-maroc.com\/pt-pt\/queda-de-cabelo-na-barba-causas-tratamentos-e-recrescimento-do-cabelo\/"]}]},{"@type":"ImageObject","inLanguage":"pt-PT","@id":"https:\/\/www.la-chirurgie-esthetique-maroc.com\/pt-pt\/queda-de-cabelo-na-barba-causas-tratamentos-e-recrescimento-do-cabelo\/#primaryimage","url":"https:\/\/www.la-chirurgie-esthetique-maroc.com\/wp-content\/uploads\/2022\/08\/Pelade-de-la-barbe.jpg","contentUrl":"https:\/\/www.la-chirurgie-esthetique-maroc.com\/wp-content\/uploads\/2022\/08\/Pelade-de-la-barbe.jpg","width":640,"height":426},{"@type":"BreadcrumbList","@id":"https:\/\/www.la-chirurgie-esthetique-maroc.com\/pt-pt\/queda-de-cabelo-na-barba-causas-tratamentos-e-recrescimento-do-cabelo\/#breadcrumb","itemListElement":[{"@type":"ListItem","position":1,"name":"Accueil","item":"https:\/\/www.la-chirurgie-esthetique-maroc.com\/pt-pt\/"},{"@type":"ListItem","position":2,"name":"Queda de cabelo na barba: causas, tratamentos e recrescimento do cabelo"}]},{"@type":"WebSite","@id":"https:\/\/www.la-chirurgie-esthetique-maroc.com\/pt-pt\/#website","url":"https:\/\/www.la-chirurgie-esthetique-maroc.com\/pt-pt\/","name":"Chirurgie esthetique Maroc","description":"","publisher":{"@id":"https:\/\/www.la-chirurgie-esthetique-maroc.com\/pt-pt\/#organization"},"potentialAction":[{"@type":"SearchAction","target":{"@type":"EntryPoint","urlTemplate":"https:\/\/www.la-chirurgie-esthetique-maroc.com\/pt-pt\/?s={search_term_string}"},"query-input":{"@type":"PropertyValueSpecification","valueRequired":true,"valueName":"search_term_string"}}],"inLanguage":"pt-PT"},{"@type":"Organization","@id":"https:\/\/www.la-chirurgie-esthetique-maroc.com\/pt-pt\/#organization","name":"Chirurgie esthetique Maroc","url":"https:\/\/www.la-chirurgie-esthetique-maroc.com\/pt-pt\/","logo":{"@type":"ImageObject","inLanguage":"pt-PT","@id":"https:\/\/www.la-chirurgie-esthetique-maroc.com\/pt-pt\/#\/schema\/logo\/image\/","url":"https:\/\/www.la-chirurgie-esthetique-maroc.com\/wp-content\/uploads\/2022\/01\/cem3.png","contentUrl":"https:\/\/www.la-chirurgie-esthetique-maroc.com\/wp-content\/uploads\/2022\/01\/cem3.png","width":125,"height":41,"caption":"Chirurgie esthetique Maroc"},"image":{"@id":"https:\/\/www.la-chirurgie-esthetique-maroc.com\/pt-pt\/#\/schema\/logo\/image\/"}},{"@type":"Person","@id":"https:\/\/www.la-chirurgie-esthetique-maroc.com\/pt-pt\/#\/schema\/person\/b903b71ca284be5f1a9986d35d06daee","name":"chirurgie","image":{"@type":"ImageObject","inLanguage":"pt-PT","@id":"https:\/\/secure.gravatar.com\/avatar\/6aa1efa36ada0c5aaec300d9fdb8ef6d3593fd0f3aa2b3cbd5b9d0a37885006f?s=96&d=mm&r=g","url":"https:\/\/secure.gravatar.com\/avatar\/6aa1efa36ada0c5aaec300d9fdb8ef6d3593fd0f3aa2b3cbd5b9d0a37885006f?s=96&d=mm&r=g","contentUrl":"https:\/\/secure.gravatar.com\/avatar\/6aa1efa36ada0c5aaec300d9fdb8ef6d3593fd0f3aa2b3cbd5b9d0a37885006f?s=96&d=mm&r=g","caption":"chirurgie"},"url":"https:\/\/www.la-chirurgie-esthetique-maroc.com\/pt-pt\/author\/chirurgie\/"}]}},"_links":{"self":[{"href":"https:\/\/www.la-chirurgie-esthetique-maroc.com\/pt-pt\/wp-json\/wp\/v2\/posts\/7885","targetHints":{"allow":["GET"]}}],"collection":[{"href":"https:\/\/www.la-chirurgie-esthetique-maroc.com\/pt-pt\/wp-json\/wp\/v2\/posts"}],"about":[{"href":"https:\/\/www.la-chirurgie-esthetique-maroc.com\/pt-pt\/wp-json\/wp\/v2\/types\/post"}],"author":[{"embeddable":true,"href":"https:\/\/www.la-chirurgie-esthetique-maroc.com\/pt-pt\/wp-json\/wp\/v2\/users\/1"}],"replies":[{"embeddable":true,"href":"https:\/\/www.la-chirurgie-esthetique-maroc.com\/pt-pt\/wp-json\/wp\/v2\/comments?post=7885"}],"version-history":[{"count":1,"href":"https:\/\/www.la-chirurgie-esthetique-maroc.com\/pt-pt\/wp-json\/wp\/v2\/posts\/7885\/revisions"}],"predecessor-version":[{"id":7886,"href":"https:\/\/www.la-chirurgie-esthetique-maroc.com\/pt-pt\/wp-json\/wp\/v2\/posts\/7885\/revisions\/7886"}],"wp:featuredmedia":[{"embeddable":true,"href":"https:\/\/www.la-chirurgie-esthetique-maroc.com\/pt-pt\/wp-json\/wp\/v2\/media\/7655"}],"wp:attachment":[{"href":"https:\/\/www.la-chirurgie-esthetique-maroc.com\/pt-pt\/wp-json\/wp\/v2\/media?parent=7885"}],"wp:term":[{"taxonomy":"category","embeddable":true,"href":"https:\/\/www.la-chirurgie-esthetique-maroc.com\/pt-pt\/wp-json\/wp\/v2\/categories?post=7885"},{"taxonomy":"post_tag","embeddable":true,"href":"https:\/\/www.la-chirurgie-esthetique-maroc.com\/pt-pt\/wp-json\/wp\/v2\/tags?post=7885"}],"curies":[{"name":"wp","href":"https:\/\/api.w.org\/{rel}","templated":true}]}}